{"id":44032,"date":"2026-09-01T13:32:36","date_gmt":"2026-09-01T16:32:36","guid":{"rendered":"https:\/\/osantarritense.com.br\/portal\/?p=44032"},"modified":"2026-09-01T13:32:36","modified_gmt":"2026-09-01T16:32:36","slug":"estacao-sesi-de-cultura-tem-programacao-gratuita-em-setembro-em-santa-rita-do-passa-quatro","status":"publish","type":"post","link":"https:\/\/osantarritense.com.br\/portal\/destaque\/estacao-sesi-de-cultura-tem-programacao-gratuita-em-setembro-em-santa-rita-do-passa-quatro\/","title":{"rendered":"Esta\u00e7\u00e3o SESI de Cultura tem programa\u00e7\u00e3o gratuita em setembro em Santa Rita do Passa Quatro"},"content":{"rendered":"<div id=\"osant-3007046482\" class=\"osant-antes-do-conteudo osant-entity-placement\"><a href=\"https:\/\/grmariano.com.br\/\" aria-label=\"usuario\"><img src=\"https:\/\/osantarritense.com.br\/portal\/wp-content\/uploads\/2026\/04\/usuario-scaled.png\" alt=\"\"  srcset=\"https:\/\/osantarritense.com.br\/portal\/wp-content\/uploads\/2026\/04\/usuario-scaled.png 2560w, https:\/\/osantarritense.com.br\/portal\/wp-content\/uploads\/2026\/04\/usuario-300x43.png 300w, https:\/\/osantarritense.com.br\/portal\/wp-content\/uploads\/2026\/04\/usuario-1024x146.png 1024w, https:\/\/osantarritense.com.br\/portal\/wp-content\/uploads\/2026\/04\/usuario-768x110.png 768w, https:\/\/osantarritense.com.br\/portal\/wp-content\/uploads\/2026\/04\/usuario-1536x219.png 1536w, https:\/\/osantarritense.com.br\/portal\/wp-content\/uploads\/2026\/04\/usuario-2048x293.png 2048w, https:\/\/osantarritense.com.br\/portal\/wp-content\/uploads\/2026\/04\/usuario-150x21.png 150w, https:\/\/osantarritense.com.br\/portal\/wp-content\/uploads\/2026\/04\/usuario-450x64.png 450w, https:\/\/osantarritense.com.br\/portal\/wp-content\/uploads\/2026\/04\/usuario-1200x171.png 1200w\" sizes=\"(max-width: 2560px) 100vw, 2560px\" width=\"2560\" height=\"366\"   \/><\/a><\/div><p class=\"isSelectedEnd\"><span style=\"font-family: tahoma, arial, helvetica, sans-serif; font-size: 12pt;\">A Esta\u00e7\u00e3o SESI de Cultura de Santa Rita do Passa Quatro (SP) ter\u00e1 <strong>uma programa\u00e7\u00e3o especial e gratuita durante o m\u00eas de setembro<\/strong>, com oficinas, atividades culturais, clube de leitura, teatro, circo e show musical.<\/span><\/p>\n<p class=\"isSelectedEnd\"><span style=\"font-family: tahoma, arial, helvetica, sans-serif; font-size: 12pt;\">As atividades s\u00e3o <strong>abertas \u00e0 comunidade<\/strong>, mas algumas possuem classifica\u00e7\u00e3o indicativa ou necessidade de reserva de ingressos. Para mais informa\u00e7\u00f5es, o p\u00fablico pode entrar em contato pelo <strong>WhatsApp (19) 99897-3170<\/strong>.<\/span><\/p>\n<p class=\"isSelectedEnd\"><span style=\"font-family: tahoma, arial, helvetica, sans-serif; font-size: 12pt;\">Confira a programa\u00e7\u00e3o:<\/span><\/p>\n<h3><span style=\"font-family: tahoma, arial, helvetica, sans-serif;\">Oficinas manuais<\/span><\/h3>\n<p class=\"isSelectedEnd\"><span style=\"font-family: tahoma, arial, helvetica, sans-serif; font-size: 12pt;\">A programa\u00e7\u00e3o come\u00e7a com uma <strong>oficina de colagem no dia 9 de setembro, \u00e0s 15h<\/strong>, com classifica\u00e7\u00e3o indicativa livre. A atividade permitir\u00e1 que as crian\u00e7as utilizem folhas, flores e outros elementos da natureza para criar desenhos com diferentes formas e texturas.<\/span><\/p>\n<p class=\"isSelectedEnd\"><span style=\"font-family: tahoma, arial, helvetica, sans-serif; font-size: 12pt;\">Tamb\u00e9m ser\u00e3o realizadas <strong>oficinas de zine nos dias 14 e 16 de setembro, \u00e0s 15h<\/strong>. A primeira ser\u00e1 destinada a <strong>crian\u00e7as de 11 e 12 anos<\/strong>, enquanto a segunda ser\u00e1 voltada para <strong>crian\u00e7as de 8 a 10 anos<\/strong>.<\/span><\/p>\n<figure id=\"attachment_44035\" aria-describedby=\"caption-attachment-44035\" style=\"width: 1066px\" class=\"wp-caption aligncenter\"><img fetchpriority=\"high\" decoding=\"async\" class=\"wp-image-44035 size-full\" src=\"https:\/\/osantarritense.com.br\/portal\/wp-content\/uploads\/2026\/09\/7003cb5f-1e1f-4598-9780-1584d6dd6f2b.png\" alt=\"\" width=\"1066\" height=\"600\" srcset=\"https:\/\/osantarritense.com.br\/portal\/wp-content\/uploads\/2026\/09\/7003cb5f-1e1f-4598-9780-1584d6dd6f2b.png 1066w, https:\/\/osantarritense.com.br\/portal\/wp-content\/uploads\/2026\/09\/7003cb5f-1e1f-4598-9780-1584d6dd6f2b-300x169.png 300w, https:\/\/osantarritense.com.br\/portal\/wp-content\/uploads\/2026\/09\/7003cb5f-1e1f-4598-9780-1584d6dd6f2b-1024x576.png 1024w, https:\/\/osantarritense.com.br\/portal\/wp-content\/uploads\/2026\/09\/7003cb5f-1e1f-4598-9780-1584d6dd6f2b-768x432.png 768w, https:\/\/osantarritense.com.br\/portal\/wp-content\/uploads\/2026\/09\/7003cb5f-1e1f-4598-9780-1584d6dd6f2b-150x84.png 150w, https:\/\/osantarritense.com.br\/portal\/wp-content\/uploads\/2026\/09\/7003cb5f-1e1f-4598-9780-1584d6dd6f2b-450x253.png 450w\" sizes=\"(max-width: 1066px) 100vw, 1066px\" \/><figcaption id=\"caption-attachment-44035\" class=\"wp-caption-text\">Foto: SESI-SP<\/figcaption><\/figure>\n<p class=\"isSelectedEnd\"><span style=\"font-family: tahoma, arial, helvetica, sans-serif; font-size: 12pt;\">A atividade de zine trabalha escrita, leitura e express\u00e3o art\u00edstica por meio da produ\u00e7\u00e3o de pequenas publica\u00e7\u00f5es autorais em formato de mini-revista.<\/span><\/p>\n<h3><span style=\"font-family: tahoma, arial, helvetica, sans-serif;\">Entre Fios e Saberes<\/span><\/h3>\n<p class=\"isSelectedEnd\"><span style=\"font-family: tahoma, arial, helvetica, sans-serif; font-size: 12pt;\">No <strong>dia 10 de setembro, \u00e0s 15h<\/strong>, ser\u00e1 realizada a atividade <strong>Entre Fios e Saberes<\/strong>, com trabalhos de <strong>croch\u00ea, tric\u00f4, patchwork e bordado<\/strong>.<\/span><\/p>\n<p class=\"isSelectedEnd\"><span style=\"font-family: tahoma, arial, helvetica, sans-serif; font-size: 12pt;\">A proposta \u00e9 criar um espa\u00e7o de conviv\u00eancia para pessoas que j\u00e1 praticam artesanato e tamb\u00e9m para quem deseja conhecer essas atividades. A classifica\u00e7\u00e3o indicativa \u00e9 livre.<\/span><\/p>\n<h3><span style=\"font-family: tahoma, arial, helvetica, sans-serif;\">Show &#8216;Chega de Saudade&#8217;<\/span><\/h3>\n<p class=\"isSelectedEnd\"><span style=\"font-family: tahoma, arial, helvetica, sans-serif; font-size: 12pt;\">Ainda no <strong>dia 10 de setembro, \u00e0s 19h<\/strong>, a Esta\u00e7\u00e3o SESI de Cultura recebe o show <strong>\u201cChega de Saudade\u201d<\/strong>, de Ant\u00f4nio Lug\u00e3o.<\/span><\/p>\n<p class=\"isSelectedEnd\"><span style=\"font-family: tahoma, arial, helvetica, sans-serif; font-size: 12pt;\">A apresenta\u00e7\u00e3o homenageia a <strong>Bossa Nova e os m\u00fasicos Jo\u00e3o Gilberto e Tom Jobim<\/strong>, combinando m\u00fasica, hist\u00f3rias e curiosidades sobre os artistas e o g\u00eanero musical.<\/span><\/p>\n<p class=\"isSelectedEnd\"><span style=\"font-family: tahoma, arial, helvetica, sans-serif; font-size: 12pt;\">O repert\u00f3rio re\u00fane <strong>25 m\u00fasicas<\/strong>, em uma apresenta\u00e7\u00e3o de aproximadamente <strong>75 minutos<\/strong>, com obras de Ant\u00f4nio Carlos Jobim e interpreta\u00e7\u00f5es de Jo\u00e3o Gilberto.<\/span><\/p>\n<p class=\"isSelectedEnd\"><span style=\"font-family: tahoma, arial, helvetica, sans-serif; font-size: 12pt;\">O espet\u00e1culo faz refer\u00eancia aos <strong>60 anos do \u00e1lbum \u201cChega de Saudade\u201d<\/strong> e tem como temas a saudade e o reencontro das amizades.<\/span><\/p>\n<p class=\"isSelectedEnd\"><span style=\"font-family: tahoma, arial, helvetica, sans-serif; font-size: 12pt;\">A classifica\u00e7\u00e3o indicativa \u00e9 livre. <strong>Os ingressos est\u00e3o dispon\u00edveis na plataforma de programa\u00e7\u00e3o da Esta\u00e7\u00e3o SESI de Cultura.<\/strong><\/span><\/p>\n<h3><span style=\"font-family: tahoma, arial, helvetica, sans-serif;\">Escape Room<\/span><\/h3>\n<p class=\"isSelectedEnd\"><span style=\"font-family: tahoma, arial, helvetica, sans-serif; font-size: 12pt;\">No <strong>dia 23 de setembro, \u00e0s 18h<\/strong>, ser\u00e1 realizada mais uma edi\u00e7\u00e3o do <strong>Escape Room<\/strong>.<\/span><\/p>\n<p class=\"isSelectedEnd\"><span style=\"font-family: tahoma, arial, helvetica, sans-serif; font-size: 12pt;\">A atividade \u00e9 voltada para <strong>adolescentes a partir de 15 anos<\/strong> e prop\u00f5e uma experi\u00eancia imersiva em que os participantes precisam <strong>resolver enigmas e completar o desafio no menor tempo poss\u00edvel<\/strong>.<\/span><\/p>\n<p class=\"isSelectedEnd\"><span style=\"font-family: tahoma, arial, helvetica, sans-serif; font-size: 12pt;\">A atividade \u00e9 uma op\u00e7\u00e3o para quem quer participar de uma experi\u00eancia de aventura e desafios em grupo.<\/span><\/p>\n<h3><span style=\"font-family: tahoma, arial, helvetica, sans-serif;\">Clube de Leitura<\/span><\/h3>\n<p class=\"isSelectedEnd\"><span style=\"font-family: tahoma, arial, helvetica, sans-serif; font-size: 12pt;\">O <strong>Clube de Leitura<\/strong> ser\u00e1 realizado no <strong>dia 24 de setembro, das 17h \u00e0s 18h<\/strong>.<\/span><\/p>\n<p class=\"isSelectedEnd\"><span style=\"font-family: tahoma, arial, helvetica, sans-serif; font-size: 12pt;\">O encontro re\u00fane <strong>leitores a partir de 18 anos<\/strong> para discutir diferentes obras liter\u00e1rias e compartilhar impress\u00f5es sobre as leituras.<\/span><\/p>\n<p class=\"isSelectedEnd\"><span style=\"font-family: tahoma, arial, helvetica, sans-serif; font-size: 12pt;\">A atividade ser\u00e1 mediada pela <strong>bibliotec\u00e1ria da Esta\u00e7\u00e3o SESI de Cultura, Julia Lopes<\/strong>.<\/span><\/p>\n<h3><span style=\"font-family: tahoma, arial, helvetica, sans-serif;\">Aula Aberta de Teatro<\/span><\/h3>\n<p class=\"isSelectedEnd\"><span style=\"font-family: tahoma, arial, helvetica, sans-serif; font-size: 12pt;\">Uma das novidades da programa\u00e7\u00e3o \u00e9 a <strong>Aula Aberta de Teatro<\/strong>, marcada para o <strong>dia 26 de setembro, \u00e0s 14h<\/strong>.<\/span><\/p>\n<p class=\"isSelectedEnd\"><span style=\"font-family: tahoma, arial, helvetica, sans-serif; font-size: 12pt;\">Com classifica\u00e7\u00e3o indicativa livre, a atividade trabalhar\u00e1 aspectos como <strong>comunica\u00e7\u00e3o expressiva, senso cr\u00edtico, trabalho em grupo e autoconhecimento<\/strong>.<\/span><\/p>\n<h3><span style=\"font-family: tahoma, arial, helvetica, sans-serif;\">Espet\u00e1culo &#8216;Riso Show&#8217;<\/span><\/h3>\n<p class=\"isSelectedEnd\"><span style=\"font-family: tahoma, arial, helvetica, sans-serif; font-size: 12pt;\">Tamb\u00e9m no <strong>dia 26 de setembro<\/strong>, \u00e0s <strong>15h<\/strong>, ser\u00e1 apresentado o espet\u00e1culo circense <strong>\u201cRiso Show\u201d<\/strong>, da companhia MB Circo.<\/span><\/p>\n<p class=\"isSelectedEnd\"><span style=\"font-family: tahoma, arial, helvetica, sans-serif; font-size: 12pt;\">A apresenta\u00e7\u00e3o mistura <strong>m\u00fasica, malabarismo e palha\u00e7aria<\/strong> em uma hist\u00f3ria protagonizada por tr\u00eas palha\u00e7os que precisam lidar com os contratempos que aparecem durante a jornada.<\/span><\/p>\n<p class=\"isSelectedEnd\"><span style=\"font-family: tahoma, arial, helvetica, sans-serif; font-size: 12pt;\">Os personagens Tico e Polenta decidem entrar no mundo da m\u00fasica e contam com a ajuda do Maestro Garcinha. Com instrumentos produzidos a partir de <strong>materiais reciclados<\/strong>, o espet\u00e1culo combina palha\u00e7aria tradicional e m\u00fasica ao vivo em uma apresenta\u00e7\u00e3o interativa.<\/span><\/p>\n<p style=\"text-align: center;\">Continua ap\u00f3s o v\u00eddeo<\/p>\n<p><video autoplay=\"autoplay\" loop=\"loop\" controls=\"controls\" width=\"100%\" height=\"150\"><source src=\"https:\/\/osantarritense.com.br\/portal\/wp-content\/uploads\/2026\/08\/porto-frios-site.mp4\" type=\"video\/mp4\" \/><\/video><\/p>\n<p class=\"isSelectedEnd\"><span style=\"font-family: tahoma, arial, helvetica, sans-serif; font-size: 12pt;\">O elenco \u00e9 formado por <strong>Bruno Peruzzi, Franco Garcia e Danieli Maimoni<\/strong>.<\/span><\/p>\n<p class=\"isSelectedEnd\"><span style=\"font-family: tahoma, arial, helvetica, sans-serif; font-size: 12pt;\">A classifica\u00e7\u00e3o indicativa \u00e9 livre. <strong>\u00c9 necess\u00e1rio reservar os ingressos<\/strong>, que estar\u00e3o dispon\u00edveis a partir de <strong>14 de setembro<\/strong> na plataforma de programa\u00e7\u00e3o da Esta\u00e7\u00e3o SESI de Cultura.<\/span><\/p>\n<h3><span style=\"font-family: tahoma, arial, helvetica, sans-serif;\">Servi\u00e7o<\/span><\/h3>\n<p class=\"isSelectedEnd\"><span style=\"font-family: tahoma, arial, helvetica, sans-serif; font-size: 12pt;\"><strong>Esta\u00e7\u00e3o SESI de Cultura de Santa Rita do Passa Quatro<\/strong><\/span><\/p>\n<p><span style=\"font-family: tahoma, arial, helvetica, sans-serif; font-size: 12pt;\">\ud83d\udcc5 <strong>Programa\u00e7\u00e3o:<\/strong> setembro<\/span><br \/>\n<span style=\"font-family: tahoma, arial, helvetica, sans-serif; font-size: 12pt;\">\ud83c\udf9f\ufe0f <strong>Atividades:<\/strong> gratuitas<\/span><br \/>\n<span style=\"font-family: tahoma, arial, helvetica, sans-serif; font-size: 12pt;\">\ud83d\udcf1 <strong>Informa\u00e7\u00f5es:<\/strong> WhatsApp (19) 99897-3170<\/span><br \/>\n<span style=\"font-family: tahoma, arial, helvetica, sans-serif; font-size: 12pt;\">\ud83c\udf10 <strong>Ingressos e reservas:<\/strong> santarita-cultura.sesisp.org.br, na aba \u201cPrograma\u00e7\u00e3o\u201d.<\/span><\/p>\n<p><span style=\"font-family: tahoma, arial, helvetica, sans-serif;\"><span dir=\"auto\" style=\"vertical-align: inherit;\">\u270d\ufe0f <\/span><em data-start=\"1160\" data-end=\"1198\" data-is-last-node=\"\"><span dir=\"auto\" style=\"vertical-align: inherit;\">Reportagem: <\/span><a href=\"https:\/\/www.facebook.com\/jornalistatonioliveiraon\/\"><strong><span dir=\"auto\" style=\"vertical-align: inherit;\">Jornalista Toni Oliveira<\/span><\/strong><\/a><\/em><\/span><\/p>\n","protected":false},"excerpt":{"rendered":"<p>A Esta\u00e7\u00e3o SESI de Cultura de Santa Rita do Passa Quatro (SP) ter\u00e1 uma programa\u00e7\u00e3o especial e gratuita durante o m\u00eas de setembro, com oficinas, atividades culturais, clube de leitura, teatro, circo e show musical. As atividades s\u00e3o abertas \u00e0 comunidade, mas algumas possuem classifica\u00e7\u00e3o indicativa ou necessidade de reserva de ingressos. Para mais informa\u00e7\u00f5es,<\/p>\n","protected":false},"author":3,"featured_media":44034,"comment_status":"closed","ping_status":"closed","sticky":false,"template":"","format":"standard","meta":{"footnotes":""},"categories":[3,1],"tags":[],"class_list":["post-44032","post","type-post","status-publish","format-standard","has-post-thumbnail","category-cidade","category-destaque"],"yoast_head":"<!-- This site is optimized with the Yoast SEO plugin v27.3 - https:\/\/yoast.com\/product\/yoast-seo-wordpress\/ -->\n<title>Esta\u00e7\u00e3o SESI de Cultura tem programa\u00e7\u00e3o gratuita em setembro em Santa Rita do Passa Quatro - Jornal O Santarritense<\/title>\n<meta name=\"robots\" content=\"index, follow, max-snippet:-1, max-image-preview:large, max-video-preview:-1\" \/>\n<link rel=\"canonical\" href=\"https:\/\/osantarritense.com.br\/portal\/destaque\/estacao-sesi-de-cultura-tem-programacao-gratuita-em-setembro-em-santa-rita-do-passa-quatro\/\" \/>\n<meta property=\"og:locale\" content=\"pt_BR\" \/>\n<meta property=\"og:type\" content=\"article\" \/>\n<meta property=\"og:title\" content=\"Esta\u00e7\u00e3o SESI de Cultura tem programa\u00e7\u00e3o gratuita em setembro em Santa Rita do Passa Quatro - Jornal O Santarritense\" \/>\n<meta property=\"og:description\" content=\"A Esta\u00e7\u00e3o SESI de Cultura de Santa Rita do Passa Quatro (SP) ter\u00e1 uma programa\u00e7\u00e3o especial e gratuita durante o m\u00eas de setembro, com oficinas, atividades culturais, clube de leitura, teatro, circo e show musical. As atividades s\u00e3o abertas \u00e0 comunidade, mas algumas possuem classifica\u00e7\u00e3o indicativa ou necessidade de reserva de ingressos. Para mais informa\u00e7\u00f5es,\" \/>\n<meta property=\"og:url\" content=\"https:\/\/osantarritense.com.br\/portal\/destaque\/estacao-sesi-de-cultura-tem-programacao-gratuita-em-setembro-em-santa-rita-do-passa-quatro\/\" \/>\n<meta property=\"og:site_name\" content=\"Jornal O Santarritense\" \/>\n<meta property=\"article:published_time\" content=\"2026-09-01T16:32:36+00:00\" \/>\n<meta property=\"og:image\" content=\"https:\/\/osantarritense.com.br\/portal\/wp-content\/uploads\/2026\/09\/ebb3bdeb-35d4-40b5-acdd-e7a21a4699e7.png\" \/>\n\t<meta property=\"og:image:width\" content=\"1066\" \/>\n\t<meta property=\"og:image:height\" content=\"600\" \/>\n\t<meta property=\"og:image:type\" content=\"image\/png\" \/>\n<meta name=\"author\" content=\"Reda\u00e7\u00e3o\" \/>\n<meta name=\"twitter:card\" content=\"summary_large_image\" \/>\n<meta name=\"twitter:label1\" content=\"Escrito por\" \/>\n\t<meta name=\"twitter:data1\" content=\"Reda\u00e7\u00e3o\" \/>\n\t<meta name=\"twitter:label2\" content=\"Est. tempo de leitura\" \/>\n\t<meta name=\"twitter:data2\" content=\"5 minutos\" \/>\n<script type=\"application\/ld+json\" class=\"yoast-schema-graph\">{\"@context\":\"https:\\\/\\\/schema.org\",\"@graph\":[{\"@type\":\"Article\",\"@id\":\"https:\\\/\\\/osantarritense.com.br\\\/portal\\\/destaque\\\/estacao-sesi-de-cultura-tem-programacao-gratuita-em-setembro-em-santa-rita-do-passa-quatro\\\/#article\",\"isPartOf\":{\"@id\":\"https:\\\/\\\/osantarritense.com.br\\\/portal\\\/destaque\\\/estacao-sesi-de-cultura-tem-programacao-gratuita-em-setembro-em-santa-rita-do-passa-quatro\\\/\"},\"author\":{\"name\":\"Reda\u00e7\u00e3o\",\"@id\":\"https:\\\/\\\/osantarritense.com.br\\\/portal\\\/#\\\/schema\\\/person\\\/a428b31ded29a15a9060051c31808586\"},\"headline\":\"Esta\u00e7\u00e3o SESI de Cultura tem programa\u00e7\u00e3o gratuita em setembro em Santa Rita do Passa Quatro\",\"datePublished\":\"2026-09-01T16:32:36+00:00\",\"mainEntityOfPage\":{\"@id\":\"https:\\\/\\\/osantarritense.com.br\\\/portal\\\/destaque\\\/estacao-sesi-de-cultura-tem-programacao-gratuita-em-setembro-em-santa-rita-do-passa-quatro\\\/\"},\"wordCount\":748,\"image\":{\"@id\":\"https:\\\/\\\/osantarritense.com.br\\\/portal\\\/destaque\\\/estacao-sesi-de-cultura-tem-programacao-gratuita-em-setembro-em-santa-rita-do-passa-quatro\\\/#primaryimage\"},\"thumbnailUrl\":\"https:\\\/\\\/osantarritense.com.br\\\/portal\\\/wp-content\\\/uploads\\\/2026\\\/09\\\/ebb3bdeb-35d4-40b5-acdd-e7a21a4699e7.png\",\"articleSection\":[\"Cidade\",\"Destaque\"],\"inLanguage\":\"pt-BR\"},{\"@type\":\"WebPage\",\"@id\":\"https:\\\/\\\/osantarritense.com.br\\\/portal\\\/destaque\\\/estacao-sesi-de-cultura-tem-programacao-gratuita-em-setembro-em-santa-rita-do-passa-quatro\\\/\",\"url\":\"https:\\\/\\\/osantarritense.com.br\\\/portal\\\/destaque\\\/estacao-sesi-de-cultura-tem-programacao-gratuita-em-setembro-em-santa-rita-do-passa-quatro\\\/\",\"name\":\"Esta\u00e7\u00e3o SESI de Cultura tem programa\u00e7\u00e3o gratuita em setembro em Santa Rita do Passa Quatro - Jornal O Santarritense\",\"isPartOf\":{\"@id\":\"https:\\\/\\\/osantarritense.com.br\\\/portal\\\/#website\"},\"primaryImageOfPage\":{\"@id\":\"https:\\\/\\\/osantarritense.com.br\\\/portal\\\/destaque\\\/estacao-sesi-de-cultura-tem-programacao-gratuita-em-setembro-em-santa-rita-do-passa-quatro\\\/#primaryimage\"},\"image\":{\"@id\":\"https:\\\/\\\/osantarritense.com.br\\\/portal\\\/destaque\\\/estacao-sesi-de-cultura-tem-programacao-gratuita-em-setembro-em-santa-rita-do-passa-quatro\\\/#primaryimage\"},\"thumbnailUrl\":\"https:\\\/\\\/osantarritense.com.br\\\/portal\\\/wp-content\\\/uploads\\\/2026\\\/09\\\/ebb3bdeb-35d4-40b5-acdd-e7a21a4699e7.png\",\"datePublished\":\"2026-09-01T16:32:36+00:00\",\"author\":{\"@id\":\"https:\\\/\\\/osantarritense.com.br\\\/portal\\\/#\\\/schema\\\/person\\\/a428b31ded29a15a9060051c31808586\"},\"breadcrumb\":{\"@id\":\"https:\\\/\\\/osantarritense.com.br\\\/portal\\\/destaque\\\/estacao-sesi-de-cultura-tem-programacao-gratuita-em-setembro-em-santa-rita-do-passa-quatro\\\/#breadcrumb\"},\"inLanguage\":\"pt-BR\",\"potentialAction\":[{\"@type\":\"ReadAction\",\"target\":[\"https:\\\/\\\/osantarritense.com.br\\\/portal\\\/destaque\\\/estacao-sesi-de-cultura-tem-programacao-gratuita-em-setembro-em-santa-rita-do-passa-quatro\\\/\"]}]},{\"@type\":\"ImageObject\",\"inLanguage\":\"pt-BR\",\"@id\":\"https:\\\/\\\/osantarritense.com.br\\\/portal\\\/destaque\\\/estacao-sesi-de-cultura-tem-programacao-gratuita-em-setembro-em-santa-rita-do-passa-quatro\\\/#primaryimage\",\"url\":\"https:\\\/\\\/osantarritense.com.br\\\/portal\\\/wp-content\\\/uploads\\\/2026\\\/09\\\/ebb3bdeb-35d4-40b5-acdd-e7a21a4699e7.png\",\"contentUrl\":\"https:\\\/\\\/osantarritense.com.br\\\/portal\\\/wp-content\\\/uploads\\\/2026\\\/09\\\/ebb3bdeb-35d4-40b5-acdd-e7a21a4699e7.png\",\"width\":1066,\"height\":600,\"caption\":\"Foto: SESI-SP\"},{\"@type\":\"BreadcrumbList\",\"@id\":\"https:\\\/\\\/osantarritense.com.br\\\/portal\\\/destaque\\\/estacao-sesi-de-cultura-tem-programacao-gratuita-em-setembro-em-santa-rita-do-passa-quatro\\\/#breadcrumb\",\"itemListElement\":[{\"@type\":\"ListItem\",\"position\":1,\"name\":\"In\u00edcio\",\"item\":\"https:\\\/\\\/osantarritense.com.br\\\/portal\\\/\"},{\"@type\":\"ListItem\",\"position\":2,\"name\":\"Esta\u00e7\u00e3o SESI de Cultura tem programa\u00e7\u00e3o gratuita em setembro em Santa Rita do Passa Quatro\"}]},{\"@type\":\"WebSite\",\"@id\":\"https:\\\/\\\/osantarritense.com.br\\\/portal\\\/#website\",\"url\":\"https:\\\/\\\/osantarritense.com.br\\\/portal\\\/\",\"name\":\"Jornal O Santarritense\",\"description\":\"Digital\",\"potentialAction\":[{\"@type\":\"SearchAction\",\"target\":{\"@type\":\"EntryPoint\",\"urlTemplate\":\"https:\\\/\\\/osantarritense.com.br\\\/portal\\\/?s={search_term_string}\"},\"query-input\":{\"@type\":\"PropertyValueSpecification\",\"valueRequired\":true,\"valueName\":\"search_term_string\"}}],\"inLanguage\":\"pt-BR\"},{\"@type\":\"Person\",\"@id\":\"https:\\\/\\\/osantarritense.com.br\\\/portal\\\/#\\\/schema\\\/person\\\/a428b31ded29a15a9060051c31808586\",\"name\":\"Reda\u00e7\u00e3o\",\"image\":{\"@type\":\"ImageObject\",\"inLanguage\":\"pt-BR\",\"@id\":\"https:\\\/\\\/secure.gravatar.com\\\/avatar\\\/549ab8e14173ace5e8b1c3bd80cf838bc0d00b7e1b65a361093164d85a62d45b?s=96&d=mm&r=g\",\"url\":\"https:\\\/\\\/secure.gravatar.com\\\/avatar\\\/549ab8e14173ace5e8b1c3bd80cf838bc0d00b7e1b65a361093164d85a62d45b?s=96&d=mm&r=g\",\"contentUrl\":\"https:\\\/\\\/secure.gravatar.com\\\/avatar\\\/549ab8e14173ace5e8b1c3bd80cf838bc0d00b7e1b65a361093164d85a62d45b?s=96&d=mm&r=g\",\"caption\":\"Reda\u00e7\u00e3o\"},\"url\":\"https:\\\/\\\/osantarritense.com.br\\\/portal\\\/author\\\/admin\\\/\"}]}<\/script>\n<!-- \/ Yoast SEO plugin. -->","yoast_head_json":{"title":"Esta\u00e7\u00e3o SESI de Cultura tem programa\u00e7\u00e3o gratuita em setembro em Santa Rita do Passa Quatro - Jornal O Santarritense","robots":{"index":"index","follow":"follow","max-snippet":"max-snippet:-1","max-image-preview":"max-image-preview:large","max-video-preview":"max-video-preview:-1"},"canonical":"https:\/\/osantarritense.com.br\/portal\/destaque\/estacao-sesi-de-cultura-tem-programacao-gratuita-em-setembro-em-santa-rita-do-passa-quatro\/","og_locale":"pt_BR","og_type":"article","og_title":"Esta\u00e7\u00e3o SESI de Cultura tem programa\u00e7\u00e3o gratuita em setembro em Santa Rita do Passa Quatro - Jornal O Santarritense","og_description":"A Esta\u00e7\u00e3o SESI de Cultura de Santa Rita do Passa Quatro (SP) ter\u00e1 uma programa\u00e7\u00e3o especial e gratuita durante o m\u00eas de setembro, com oficinas, atividades culturais, clube de leitura, teatro, circo e show musical. As atividades s\u00e3o abertas \u00e0 comunidade, mas algumas possuem classifica\u00e7\u00e3o indicativa ou necessidade de reserva de ingressos. Para mais informa\u00e7\u00f5es,","og_url":"https:\/\/osantarritense.com.br\/portal\/destaque\/estacao-sesi-de-cultura-tem-programacao-gratuita-em-setembro-em-santa-rita-do-passa-quatro\/","og_site_name":"Jornal O Santarritense","article_published_time":"2026-09-01T16:32:36+00:00","og_image":[{"width":1066,"height":600,"url":"https:\/\/osantarritense.com.br\/portal\/wp-content\/uploads\/2026\/09\/ebb3bdeb-35d4-40b5-acdd-e7a21a4699e7.png","type":"image\/png"}],"author":"Reda\u00e7\u00e3o","twitter_card":"summary_large_image","twitter_misc":{"Escrito por":"Reda\u00e7\u00e3o","Est. tempo de leitura":"5 minutos"},"schema":{"@context":"https:\/\/schema.org","@graph":[{"@type":"Article","@id":"https:\/\/osantarritense.com.br\/portal\/destaque\/estacao-sesi-de-cultura-tem-programacao-gratuita-em-setembro-em-santa-rita-do-passa-quatro\/#article","isPartOf":{"@id":"https:\/\/osantarritense.com.br\/portal\/destaque\/estacao-sesi-de-cultura-tem-programacao-gratuita-em-setembro-em-santa-rita-do-passa-quatro\/"},"author":{"name":"Reda\u00e7\u00e3o","@id":"https:\/\/osantarritense.com.br\/portal\/#\/schema\/person\/a428b31ded29a15a9060051c31808586"},"headline":"Esta\u00e7\u00e3o SESI de Cultura tem programa\u00e7\u00e3o gratuita em setembro em Santa Rita do Passa Quatro","datePublished":"2026-09-01T16:32:36+00:00","mainEntityOfPage":{"@id":"https:\/\/osantarritense.com.br\/portal\/destaque\/estacao-sesi-de-cultura-tem-programacao-gratuita-em-setembro-em-santa-rita-do-passa-quatro\/"},"wordCount":748,"image":{"@id":"https:\/\/osantarritense.com.br\/portal\/destaque\/estacao-sesi-de-cultura-tem-programacao-gratuita-em-setembro-em-santa-rita-do-passa-quatro\/#primaryimage"},"thumbnailUrl":"https:\/\/osantarritense.com.br\/portal\/wp-content\/uploads\/2026\/09\/ebb3bdeb-35d4-40b5-acdd-e7a21a4699e7.png","articleSection":["Cidade","Destaque"],"inLanguage":"pt-BR"},{"@type":"WebPage","@id":"https:\/\/osantarritense.com.br\/portal\/destaque\/estacao-sesi-de-cultura-tem-programacao-gratuita-em-setembro-em-santa-rita-do-passa-quatro\/","url":"https:\/\/osantarritense.com.br\/portal\/destaque\/estacao-sesi-de-cultura-tem-programacao-gratuita-em-setembro-em-santa-rita-do-passa-quatro\/","name":"Esta\u00e7\u00e3o SESI de Cultura tem programa\u00e7\u00e3o gratuita em setembro em Santa Rita do Passa Quatro - Jornal O Santarritense","isPartOf":{"@id":"https:\/\/osantarritense.com.br\/portal\/#website"},"primaryImageOfPage":{"@id":"https:\/\/osantarritense.com.br\/portal\/destaque\/estacao-sesi-de-cultura-tem-programacao-gratuita-em-setembro-em-santa-rita-do-passa-quatro\/#primaryimage"},"image":{"@id":"https:\/\/osantarritense.com.br\/portal\/destaque\/estacao-sesi-de-cultura-tem-programacao-gratuita-em-setembro-em-santa-rita-do-passa-quatro\/#primaryimage"},"thumbnailUrl":"https:\/\/osantarritense.com.br\/portal\/wp-content\/uploads\/2026\/09\/ebb3bdeb-35d4-40b5-acdd-e7a21a4699e7.png","datePublished":"2026-09-01T16:32:36+00:00","author":{"@id":"https:\/\/osantarritense.com.br\/portal\/#\/schema\/person\/a428b31ded29a15a9060051c31808586"},"breadcrumb":{"@id":"https:\/\/osantarritense.com.br\/portal\/destaque\/estacao-sesi-de-cultura-tem-programacao-gratuita-em-setembro-em-santa-rita-do-passa-quatro\/#breadcrumb"},"inLanguage":"pt-BR","potentialAction":[{"@type":"ReadAction","target":["https:\/\/osantarritense.com.br\/portal\/destaque\/estacao-sesi-de-cultura-tem-programacao-gratuita-em-setembro-em-santa-rita-do-passa-quatro\/"]}]},{"@type":"ImageObject","inLanguage":"pt-BR","@id":"https:\/\/osantarritense.com.br\/portal\/destaque\/estacao-sesi-de-cultura-tem-programacao-gratuita-em-setembro-em-santa-rita-do-passa-quatro\/#primaryimage","url":"https:\/\/osantarritense.com.br\/portal\/wp-content\/uploads\/2026\/09\/ebb3bdeb-35d4-40b5-acdd-e7a21a4699e7.png","contentUrl":"https:\/\/osantarritense.com.br\/portal\/wp-content\/uploads\/2026\/09\/ebb3bdeb-35d4-40b5-acdd-e7a21a4699e7.png","width":1066,"height":600,"caption":"Foto: SESI-SP"},{"@type":"BreadcrumbList","@id":"https:\/\/osantarritense.com.br\/portal\/destaque\/estacao-sesi-de-cultura-tem-programacao-gratuita-em-setembro-em-santa-rita-do-passa-quatro\/#breadcrumb","itemListElement":[{"@type":"ListItem","position":1,"name":"In\u00edcio","item":"https:\/\/osantarritense.com.br\/portal\/"},{"@type":"ListItem","position":2,"name":"Esta\u00e7\u00e3o SESI de Cultura tem programa\u00e7\u00e3o gratuita em setembro em Santa Rita do Passa Quatro"}]},{"@type":"WebSite","@id":"https:\/\/osantarritense.com.br\/portal\/#website","url":"https:\/\/osantarritense.com.br\/portal\/","name":"Jornal O Santarritense","description":"Digital","potentialAction":[{"@type":"SearchAction","target":{"@type":"EntryPoint","urlTemplate":"https:\/\/osantarritense.com.br\/portal\/?s={search_term_string}"},"query-input":{"@type":"PropertyValueSpecification","valueRequired":true,"valueName":"search_term_string"}}],"inLanguage":"pt-BR"},{"@type":"Person","@id":"https:\/\/osantarritense.com.br\/portal\/#\/schema\/person\/a428b31ded29a15a9060051c31808586","name":"Reda\u00e7\u00e3o","image":{"@type":"ImageObject","inLanguage":"pt-BR","@id":"https:\/\/secure.gravatar.com\/avatar\/549ab8e14173ace5e8b1c3bd80cf838bc0d00b7e1b65a361093164d85a62d45b?s=96&d=mm&r=g","url":"https:\/\/secure.gravatar.com\/avatar\/549ab8e14173ace5e8b1c3bd80cf838bc0d00b7e1b65a361093164d85a62d45b?s=96&d=mm&r=g","contentUrl":"https:\/\/secure.gravatar.com\/avatar\/549ab8e14173ace5e8b1c3bd80cf838bc0d00b7e1b65a361093164d85a62d45b?s=96&d=mm&r=g","caption":"Reda\u00e7\u00e3o"},"url":"https:\/\/osantarritense.com.br\/portal\/author\/admin\/"}]}},"_links":{"self":[{"href":"https:\/\/osantarritense.com.br\/portal\/wp-json\/wp\/v2\/posts\/44032","targetHints":{"allow":["GET"]}}],"collection":[{"href":"https:\/\/osantarritense.com.br\/portal\/wp-json\/wp\/v2\/posts"}],"about":[{"href":"https:\/\/osantarritense.com.br\/portal\/wp-json\/wp\/v2\/types\/post"}],"author":[{"embeddable":true,"href":"https:\/\/osantarritense.com.br\/portal\/wp-json\/wp\/v2\/users\/3"}],"replies":[{"embeddable":true,"href":"https:\/\/osantarritense.com.br\/portal\/wp-json\/wp\/v2\/comments?post=44032"}],"version-history":[{"count":2,"href":"https:\/\/osantarritense.com.br\/portal\/wp-json\/wp\/v2\/posts\/44032\/revisions"}],"predecessor-version":[{"id":44036,"href":"https:\/\/osantarritense.com.br\/portal\/wp-json\/wp\/v2\/posts\/44032\/revisions\/44036"}],"wp:featuredmedia":[{"embeddable":true,"href":"https:\/\/osantarritense.com.br\/portal\/wp-json\/wp\/v2\/media\/44034"}],"wp:attachment":[{"href":"https:\/\/osantarritense.com.br\/portal\/wp-json\/wp\/v2\/media?parent=44032"}],"wp:term":[{"taxonomy":"category","embeddable":true,"href":"https:\/\/osantarritense.com.br\/portal\/wp-json\/wp\/v2\/categories?post=44032"},{"taxonomy":"post_tag","embeddable":true,"href":"https:\/\/osantarritense.com.br\/portal\/wp-json\/wp\/v2\/tags?post=44032"}],"curies":[{"name":"wp","href":"https:\/\/api.w.org\/{rel}","templated":true}]}}