{"id":44024,"date":"2026-09-01T09:11:30","date_gmt":"2026-09-01T12:11:30","guid":{"rendered":"https:\/\/osantarritense.com.br\/portal\/?p=44024"},"modified":"2026-09-01T09:11:30","modified_gmt":"2026-09-01T12:11:30","slug":"quermesse-santa-cruz-da-estrela-setembro-2026","status":"publish","type":"post","link":"https:\/\/osantarritense.com.br\/portal\/eventos\/quermesse-santa-cruz-da-estrela-setembro-2026\/","title":{"rendered":"Tradicional Quermesse de Santa Cruz da Estrela acontece em setembro"},"content":{"rendered":"<div id=\"osant-725490824\" class=\"osant-antes-do-conteudo osant-entity-placement\"><a href=\"https:\/\/grmariano.com.br\/\" aria-label=\"usuario\"><img src=\"https:\/\/osantarritense.com.br\/portal\/wp-content\/uploads\/2026\/04\/usuario-scaled.png\" alt=\"\"  srcset=\"https:\/\/osantarritense.com.br\/portal\/wp-content\/uploads\/2026\/04\/usuario-scaled.png 2560w, https:\/\/osantarritense.com.br\/portal\/wp-content\/uploads\/2026\/04\/usuario-300x43.png 300w, https:\/\/osantarritense.com.br\/portal\/wp-content\/uploads\/2026\/04\/usuario-1024x146.png 1024w, https:\/\/osantarritense.com.br\/portal\/wp-content\/uploads\/2026\/04\/usuario-768x110.png 768w, https:\/\/osantarritense.com.br\/portal\/wp-content\/uploads\/2026\/04\/usuario-1536x219.png 1536w, https:\/\/osantarritense.com.br\/portal\/wp-content\/uploads\/2026\/04\/usuario-2048x293.png 2048w, https:\/\/osantarritense.com.br\/portal\/wp-content\/uploads\/2026\/04\/usuario-150x21.png 150w, https:\/\/osantarritense.com.br\/portal\/wp-content\/uploads\/2026\/04\/usuario-450x64.png 450w, https:\/\/osantarritense.com.br\/portal\/wp-content\/uploads\/2026\/04\/usuario-1200x171.png 1200w\" sizes=\"(max-width: 2560px) 100vw, 2560px\" width=\"2560\" height=\"366\"   \/><\/a><\/div><p class=\"PDq2pG_selectionAnchorContainer\" data-start=\"508\" data-end=\"631\"><span style=\"font-family: tahoma, arial, helvetica, sans-serif;\"><strong data-start=\"508\" data-end=\"631\">Evento em louvor a Nossa Senhora das Dores re\u00fane m\u00fasica, leil\u00e3o de prendas e missa campal em quatro dias de programa\u00e7\u00e3o<\/strong><\/span><\/p>\n<p data-start=\"633\" data-end=\"910\"><span style=\"font-family: tahoma, arial, helvetica, sans-serif;\">A comunidade de <strong data-start=\"649\" data-end=\"674\">Santa Cruz da Estrela<\/strong>, distrito de Santa Rita do Passa Quatro, se prepara para mais uma edi\u00e7\u00e3o de sua tradicional quermesse. O evento acontece nos dias <strong data-start=\"805\" data-end=\"834\">5, 6, 12 e 13 de setembro<\/strong>, reunindo m\u00fasica, confraterniza\u00e7\u00e3o e atividades tradicionais da comunidade.<\/span><\/p>\n<p data-start=\"633\" data-end=\"910\"><img fetchpriority=\"high\" decoding=\"async\" class=\"aligncenter wp-image-43647 size-full\" src=\"https:\/\/osantarritense.com.br\/portal\/wp-content\/uploads\/2026\/07\/PORTOFRIOS-scaled.png\" alt=\"\" width=\"2560\" height=\"787\" srcset=\"https:\/\/osantarritense.com.br\/portal\/wp-content\/uploads\/2026\/07\/PORTOFRIOS-scaled.png 2560w, https:\/\/osantarritense.com.br\/portal\/wp-content\/uploads\/2026\/07\/PORTOFRIOS-300x92.png 300w, https:\/\/osantarritense.com.br\/portal\/wp-content\/uploads\/2026\/07\/PORTOFRIOS-1024x315.png 1024w, https:\/\/osantarritense.com.br\/portal\/wp-content\/uploads\/2026\/07\/PORTOFRIOS-768x236.png 768w, https:\/\/osantarritense.com.br\/portal\/wp-content\/uploads\/2026\/07\/PORTOFRIOS-1536x472.png 1536w, https:\/\/osantarritense.com.br\/portal\/wp-content\/uploads\/2026\/07\/PORTOFRIOS-2048x630.png 2048w, https:\/\/osantarritense.com.br\/portal\/wp-content\/uploads\/2026\/07\/PORTOFRIOS-150x46.png 150w, https:\/\/osantarritense.com.br\/portal\/wp-content\/uploads\/2026\/07\/PORTOFRIOS-450x138.png 450w, https:\/\/osantarritense.com.br\/portal\/wp-content\/uploads\/2026\/07\/PORTOFRIOS-1200x369.png 1200w\" sizes=\"(max-width: 2560px) 100vw, 2560px\" \/><\/p>\n<p data-start=\"912\" data-end=\"1141\"><span style=\"font-family: tahoma, arial, helvetica, sans-serif;\">Promovida pela <strong data-start=\"927\" data-end=\"980\">Associa\u00e7\u00e3o da Comunidade de Santa Cruz da Estrela<\/strong>, a programa\u00e7\u00e3o homenageia <strong data-start=\"1007\" data-end=\"1034\">Nossa Senhora das Dores<\/strong> e ter\u00e1 atividades na &#8220;Igreja Nossa Senhora das Dores e S\u00e3o Sebasti\u00e3o&#8221; e na &#8220;Est\u00e2ncia Nossa Senhora das Dores&#8221;. <\/span><span style=\"font-family: tahoma, arial, helvetica, sans-serif;\">Al\u00e9m de proporcionar momentos de f\u00e9, lazer e encontro entre moradores, a quermesse tamb\u00e9m ter\u00e1 sua arrecada\u00e7\u00e3o destinada \u00e0 <strong data-start=\"1266\" data-end=\"1304\">segunda etapa da reforma da igreja<\/strong>.<\/span><\/p>\n<h2 data-start=\"1307\" data-end=\"1349\" data-section-id=\"c89wfp\"><\/h2>\n<p><img decoding=\"async\" class=\"aligncenter wp-image-44026 size-full\" src=\"https:\/\/osantarritense.com.br\/portal\/wp-content\/uploads\/2026\/09\/Prancheta-1-copiar.jpg\" alt=\"quermesse santa cruz da estrela\" width=\"1620\" height=\"920\" srcset=\"https:\/\/osantarritense.com.br\/portal\/wp-content\/uploads\/2026\/09\/Prancheta-1-copiar.jpg 1620w, https:\/\/osantarritense.com.br\/portal\/wp-content\/uploads\/2026\/09\/Prancheta-1-copiar-300x170.jpg 300w, https:\/\/osantarritense.com.br\/portal\/wp-content\/uploads\/2026\/09\/Prancheta-1-copiar-1024x582.jpg 1024w, https:\/\/osantarritense.com.br\/portal\/wp-content\/uploads\/2026\/09\/Prancheta-1-copiar-768x436.jpg 768w, https:\/\/osantarritense.com.br\/portal\/wp-content\/uploads\/2026\/09\/Prancheta-1-copiar-1536x872.jpg 1536w, https:\/\/osantarritense.com.br\/portal\/wp-content\/uploads\/2026\/09\/Prancheta-1-copiar-150x85.jpg 150w, https:\/\/osantarritense.com.br\/portal\/wp-content\/uploads\/2026\/09\/Prancheta-1-copiar-450x256.jpg 450w, https:\/\/osantarritense.com.br\/portal\/wp-content\/uploads\/2026\/09\/Prancheta-1-copiar-1200x681.jpg 1200w\" sizes=\"(max-width: 1620px) 100vw, 1620px\" \/><\/p>\n<p>foto: arte divulga\u00e7\u00e3o.<\/p>\n<h2 data-start=\"1307\" data-end=\"1349\" data-section-id=\"c89wfp\"><span style=\"font-family: tahoma, arial, helvetica, sans-serif;\">Programa\u00e7\u00e3o especial agita a quermesse<\/span><\/h2>\n<p data-start=\"1351\" data-end=\"1464\"><span style=\"font-family: tahoma, arial, helvetica, sans-serif;\">A abertura da <strong data-start=\"1365\" data-end=\"1403\">Quermesse de Santa Cruz da Estrela<\/strong> acontece no s\u00e1bado, <strong data-start=\"1424\" data-end=\"1441\">5 de setembro<\/strong>, a partir das <strong data-start=\"1456\" data-end=\"1463\">19h, <\/strong><\/span><span style=\"font-family: tahoma, arial, helvetica, sans-serif;\">com <strong data-start=\"1486\" data-end=\"1507\">show da banda GM7<\/strong>, no domingo (6), al\u00e9m do tradicional <strong data-start=\"1839\" data-end=\"1860\">leil\u00e3o de prendas, <\/strong>o\u00a0evento tamb\u00e9m ter\u00e1 show com <strong data-start=\"1839\" data-end=\"1860\">Humberto Viola e Luiz Fernando.<\/strong> <\/span><\/p>\n<p data-start=\"1351\" data-end=\"1464\">Toda a festa ent\u00e3o se encerra no fim de semana seguinte (12 e 13) com shows de Marcos e Adriana no s\u00e1bado (12) e o encerramento oficial com a missa campal \u00e0s 10h em homenagem \u00e0 Nossa Senhora das Dores no domingo, 13 de setembro.<\/p>\n<p data-start=\"1351\" data-end=\"1464\"><span style=\"font-family: tahoma, arial, helvetica, sans-serif;\">A organiza\u00e7\u00e3o convida moradores e visitantes para participarem da quermesse e aproveitarem toda a celebra\u00e7\u00e3o.<\/span><\/p>\n<p data-start=\"1929\" data-end=\"2026\">\n<h3 data-start=\"3162\" data-end=\"3196\" data-section-id=\"15hreei\"><span style=\"font-family: tahoma, arial, helvetica, sans-serif;\">Confira a programa\u00e7\u00e3o completa:<\/span><\/h3>\n<p data-start=\"3198\" data-end=\"3274\"><span style=\"font-family: tahoma, arial, helvetica, sans-serif;\"><strong data-start=\"3198\" data-end=\"3227\">\ud83d\udcc5 5 de setembro \u2014 s\u00e1bado<\/strong><\/span><br data-start=\"3227\" data-end=\"3230\" \/><span style=\"font-family: tahoma, arial, helvetica, sans-serif;\">\ud83c\udfb6 Show com a banda GM7<\/span><br data-start=\"3253\" data-end=\"3256\" \/><span style=\"font-family: tahoma, arial, helvetica, sans-serif;\">\u23f0 A partir das 19h<\/span><\/p>\n<p data-start=\"3276\" data-end=\"3395\"><span style=\"font-family: tahoma, arial, helvetica, sans-serif;\"><strong data-start=\"3276\" data-end=\"3306\">\ud83d\udcc5 6 de setembro \u2014 domingo<\/strong><\/span><br data-start=\"3306\" data-end=\"3309\" \/><span style=\"font-family: tahoma, arial, helvetica, sans-serif;\">\ud83d\udc04 Leil\u00e3o de prendas<\/span><br data-start=\"3329\" data-end=\"3332\" \/><span style=\"font-family: tahoma, arial, helvetica, sans-serif;\">\u23f0 A partir das 11h<\/span><br data-start=\"3350\" data-end=\"3353\" \/><span style=\"font-family: tahoma, arial, helvetica, sans-serif;\">\ud83c\udfb6 Show com Humberto Viola e Luiz Fernando<\/span><\/p>\n<p data-start=\"3397\" data-end=\"3479\"><span style=\"font-family: tahoma, arial, helvetica, sans-serif;\"><strong data-start=\"3397\" data-end=\"3427\">\ud83d\udcc5 12 de setembro \u2014 s\u00e1bado<\/strong><\/span><br data-start=\"3427\" data-end=\"3430\" \/><span style=\"font-family: tahoma, arial, helvetica, sans-serif;\">\ud83c\udfb6 Show com Marcos e Adriana<\/span><br data-start=\"3458\" data-end=\"3461\" \/><span style=\"font-family: tahoma, arial, helvetica, sans-serif;\">\u23f0 A partir das 19h<\/span><\/p>\n<p data-start=\"3481\" data-end=\"3576\"><span style=\"font-family: tahoma, arial, helvetica, sans-serif;\"><strong data-start=\"3481\" data-end=\"3512\">\ud83d\udcc5 13 de setembro \u2014 domingo<\/strong><\/span><br data-start=\"3512\" data-end=\"3515\" \/><span style=\"font-family: tahoma, arial, helvetica, sans-serif;\">\u26ea Missa campal na Est\u00e2ncia Nossa Senhora das Dores<\/span><br data-start=\"3565\" data-end=\"3568\" \/><span style=\"font-family: tahoma, arial, helvetica, sans-serif;\">\u23f0 \u00c0s 10h<\/span><\/p>\n<p data-start=\"3481\" data-end=\"3576\">\n<p data-start=\"3481\" data-end=\"3576\"><img decoding=\"async\" class=\"aligncenter\" src=\"https:\/\/upload.wikimedia.org\/wikipedia\/commons\/6\/6d\/Santa_Cruz_da_Estrela_39339194.jpg?utm_source=pt.wikipedia.org&amp;utm_campaign=index&amp;utm_content=original\" alt=\"Igreja - Santa Cruz da Estrela \" width=\"1024\" height=\"680\" \/><\/p>\n<p data-start=\"2726\" data-end=\"2762\" data-section-id=\"1174j8l\">Na foto: Pra\u00e7a da Igreja de Nossa Senhora das Dores em Santa Cruz da Estrela &#8211; SP.<\/p>\n<h2 data-start=\"2726\" data-end=\"2762\" data-section-id=\"1174j8l\"><span style=\"font-family: tahoma, arial, helvetica, sans-serif;\">Evento ajuda na reforma da igreja<\/span><\/h2>\n<p data-start=\"2868\" data-end=\"3045\"><span style=\"font-family: tahoma, arial, helvetica, sans-serif;\">A arrecada\u00e7\u00e3o ser\u00e1 destinada para a <strong data-start=\"2913\" data-end=\"2951\">segunda etapa da reforma da igreja<\/strong>, contribuindo para a continuidade das melhorias no espa\u00e7o religioso de Santa Cruz da Estrela. A<\/span><span style=\"font-family: tahoma, arial, helvetica, sans-serif;\">\u00a0Associa\u00e7\u00e3o da Comunidade refor\u00e7a o convite para que moradores, fam\u00edlias e visitantes participem da programa\u00e7\u00e3o.<\/span><\/p>\n<p data-start=\"3718\" data-end=\"3765\"><span style=\"font-family: tahoma, arial, helvetica, sans-serif;\"><strong data-start=\"3718\" data-end=\"3765\">Venha viver dias de f\u00e9, alegria e tradi\u00e7\u00e3o!<\/strong><\/span><\/p>\n<p data-start=\"3718\" data-end=\"3765\">\n<p data-start=\"3718\" data-end=\"3765\">\n<p data-start=\"3718\" data-end=\"3765\"><span style=\"font-family: tahoma, arial, helvetica, sans-serif;\"><span dir=\"auto\" style=\"vertical-align: inherit;\">\u270d\ufe0f <\/span><em data-start=\"1160\" data-end=\"1198\" data-is-last-node=\"\"><span dir=\"auto\" style=\"vertical-align: inherit;\">Reportagem: Reda\u00e7\u00e3o <a href=\"https:\/\/osantarritense.com.br\/portal\/\">O Santarritense<\/a><\/span><\/em><\/span><\/p>\n","protected":false},"excerpt":{"rendered":"<p>Evento em louvor a Nossa Senhora das Dores re\u00fane m\u00fasica, leil\u00e3o de prendas e missa campal em quatro dias de programa\u00e7\u00e3o A comunidade de Santa Cruz da Estrela, distrito de Santa Rita do Passa Quatro, se prepara para mais uma edi\u00e7\u00e3o de sua tradicional quermesse. O evento acontece nos dias 5, 6, 12 e 13<\/p>\n","protected":false},"author":5,"featured_media":44025,"comment_status":"closed","ping_status":"closed","sticky":false,"template":"","format":"standard","meta":{"footnotes":""},"categories":[3,1,559,9],"tags":[564,563,562,561,565,560,551],"class_list":["post-44024","post","type-post","status-publish","format-standard","has-post-thumbnail","category-cidade","category-destaque","category-eventos","category-regiao","tag-cultura","tag-eventos","tag-nossa-senhora-das-dores","tag-quermesse","tag-religiao","tag-santa-cruz-da-estrela","tag-santa-rita-do-passa-quatro"],"yoast_head":"<!-- This site is optimized with the Yoast SEO plugin v27.3 - https:\/\/yoast.com\/product\/yoast-seo-wordpress\/ -->\n<title>Quermesse de Santa Cruz da Estrela acontece em Setembro<\/title>\n<meta name=\"description\" content=\"A tradicional Quermesse de Santa Cruz da Estrela acontece em setembro, com shows, leil\u00e3o de prendas e missa campal.\" \/>\n<meta name=\"robots\" content=\"index, follow, max-snippet:-1, max-image-preview:large, max-video-preview:-1\" \/>\n<link rel=\"canonical\" href=\"https:\/\/osantarritense.com.br\/portal\/eventos\/quermesse-santa-cruz-da-estrela-setembro-2026\/\" \/>\n<meta property=\"og:locale\" content=\"pt_BR\" \/>\n<meta property=\"og:type\" content=\"article\" \/>\n<meta property=\"og:title\" content=\"Quermesse de Santa Cruz da Estrela acontece em Setembro\" \/>\n<meta property=\"og:description\" content=\"A tradicional Quermesse de Santa Cruz da Estrela acontece em setembro, com shows, leil\u00e3o de prendas e missa campal.\" \/>\n<meta property=\"og:url\" content=\"https:\/\/osantarritense.com.br\/portal\/eventos\/quermesse-santa-cruz-da-estrela-setembro-2026\/\" \/>\n<meta property=\"og:site_name\" content=\"Jornal O Santarritense\" \/>\n<meta property=\"article:published_time\" content=\"2026-09-01T12:11:30+00:00\" \/>\n<meta property=\"og:image\" content=\"https:\/\/osantarritense.com.br\/portal\/wp-content\/uploads\/2026\/09\/quermesses-em-sp-blog-thumb.jpg\" \/>\n\t<meta property=\"og:image:width\" content=\"1000\" \/>\n\t<meta property=\"og:image:height\" content=\"714\" \/>\n\t<meta property=\"og:image:type\" content=\"image\/jpeg\" \/>\n<meta name=\"author\" content=\"Bruno Lozano\" \/>\n<meta name=\"twitter:card\" content=\"summary_large_image\" \/>\n<meta name=\"twitter:label1\" content=\"Escrito por\" \/>\n\t<meta name=\"twitter:data1\" content=\"Bruno Lozano\" \/>\n\t<meta name=\"twitter:label2\" content=\"Est. tempo de leitura\" \/>\n\t<meta name=\"twitter:data2\" content=\"3 minutos\" \/>\n<script type=\"application\/ld+json\" class=\"yoast-schema-graph\">{\"@context\":\"https:\\\/\\\/schema.org\",\"@graph\":[{\"@type\":\"Article\",\"@id\":\"https:\\\/\\\/osantarritense.com.br\\\/portal\\\/eventos\\\/quermesse-santa-cruz-da-estrela-setembro-2026\\\/#article\",\"isPartOf\":{\"@id\":\"https:\\\/\\\/osantarritense.com.br\\\/portal\\\/eventos\\\/quermesse-santa-cruz-da-estrela-setembro-2026\\\/\"},\"author\":{\"name\":\"Bruno Lozano\",\"@id\":\"https:\\\/\\\/osantarritense.com.br\\\/portal\\\/#\\\/schema\\\/person\\\/9b9fde336895de7c71b563d5d706f1b9\"},\"headline\":\"Tradicional Quermesse de Santa Cruz da Estrela acontece em setembro\",\"datePublished\":\"2026-09-01T12:11:30+00:00\",\"mainEntityOfPage\":{\"@id\":\"https:\\\/\\\/osantarritense.com.br\\\/portal\\\/eventos\\\/quermesse-santa-cruz-da-estrela-setembro-2026\\\/\"},\"wordCount\":410,\"image\":{\"@id\":\"https:\\\/\\\/osantarritense.com.br\\\/portal\\\/eventos\\\/quermesse-santa-cruz-da-estrela-setembro-2026\\\/#primaryimage\"},\"thumbnailUrl\":\"https:\\\/\\\/osantarritense.com.br\\\/portal\\\/wp-content\\\/uploads\\\/2026\\\/09\\\/quermesses-em-sp-blog-thumb.jpg\",\"keywords\":[\"Cultura\",\"Eventos\",\"Nossa Senhora das Dores\",\"Quermesse\",\"Religi\u00e3o\",\"Santa Cruz da Estrela\",\"Santa Rita do Passa Quatro\"],\"articleSection\":[\"Cidade\",\"Destaque\",\"Eventos\",\"Regi\u00e3o\"],\"inLanguage\":\"pt-BR\"},{\"@type\":\"WebPage\",\"@id\":\"https:\\\/\\\/osantarritense.com.br\\\/portal\\\/eventos\\\/quermesse-santa-cruz-da-estrela-setembro-2026\\\/\",\"url\":\"https:\\\/\\\/osantarritense.com.br\\\/portal\\\/eventos\\\/quermesse-santa-cruz-da-estrela-setembro-2026\\\/\",\"name\":\"Quermesse de Santa Cruz da Estrela acontece em Setembro\",\"isPartOf\":{\"@id\":\"https:\\\/\\\/osantarritense.com.br\\\/portal\\\/#website\"},\"primaryImageOfPage\":{\"@id\":\"https:\\\/\\\/osantarritense.com.br\\\/portal\\\/eventos\\\/quermesse-santa-cruz-da-estrela-setembro-2026\\\/#primaryimage\"},\"image\":{\"@id\":\"https:\\\/\\\/osantarritense.com.br\\\/portal\\\/eventos\\\/quermesse-santa-cruz-da-estrela-setembro-2026\\\/#primaryimage\"},\"thumbnailUrl\":\"https:\\\/\\\/osantarritense.com.br\\\/portal\\\/wp-content\\\/uploads\\\/2026\\\/09\\\/quermesses-em-sp-blog-thumb.jpg\",\"datePublished\":\"2026-09-01T12:11:30+00:00\",\"author\":{\"@id\":\"https:\\\/\\\/osantarritense.com.br\\\/portal\\\/#\\\/schema\\\/person\\\/9b9fde336895de7c71b563d5d706f1b9\"},\"description\":\"A tradicional Quermesse de Santa Cruz da Estrela acontece em setembro, com shows, leil\u00e3o de prendas e missa campal.\",\"breadcrumb\":{\"@id\":\"https:\\\/\\\/osantarritense.com.br\\\/portal\\\/eventos\\\/quermesse-santa-cruz-da-estrela-setembro-2026\\\/#breadcrumb\"},\"inLanguage\":\"pt-BR\",\"potentialAction\":[{\"@type\":\"ReadAction\",\"target\":[\"https:\\\/\\\/osantarritense.com.br\\\/portal\\\/eventos\\\/quermesse-santa-cruz-da-estrela-setembro-2026\\\/\"]}]},{\"@type\":\"ImageObject\",\"inLanguage\":\"pt-BR\",\"@id\":\"https:\\\/\\\/osantarritense.com.br\\\/portal\\\/eventos\\\/quermesse-santa-cruz-da-estrela-setembro-2026\\\/#primaryimage\",\"url\":\"https:\\\/\\\/osantarritense.com.br\\\/portal\\\/wp-content\\\/uploads\\\/2026\\\/09\\\/quermesses-em-sp-blog-thumb.jpg\",\"contentUrl\":\"https:\\\/\\\/osantarritense.com.br\\\/portal\\\/wp-content\\\/uploads\\\/2026\\\/09\\\/quermesses-em-sp-blog-thumb.jpg\",\"width\":1000,\"height\":714,\"caption\":\"quermesse tradicional\"},{\"@type\":\"BreadcrumbList\",\"@id\":\"https:\\\/\\\/osantarritense.com.br\\\/portal\\\/eventos\\\/quermesse-santa-cruz-da-estrela-setembro-2026\\\/#breadcrumb\",\"itemListElement\":[{\"@type\":\"ListItem\",\"position\":1,\"name\":\"In\u00edcio\",\"item\":\"https:\\\/\\\/osantarritense.com.br\\\/portal\\\/\"},{\"@type\":\"ListItem\",\"position\":2,\"name\":\"Tradicional Quermesse de Santa Cruz da Estrela acontece em setembro\"}]},{\"@type\":\"WebSite\",\"@id\":\"https:\\\/\\\/osantarritense.com.br\\\/portal\\\/#website\",\"url\":\"https:\\\/\\\/osantarritense.com.br\\\/portal\\\/\",\"name\":\"Jornal O Santarritense\",\"description\":\"Digital\",\"potentialAction\":[{\"@type\":\"SearchAction\",\"target\":{\"@type\":\"EntryPoint\",\"urlTemplate\":\"https:\\\/\\\/osantarritense.com.br\\\/portal\\\/?s={search_term_string}\"},\"query-input\":{\"@type\":\"PropertyValueSpecification\",\"valueRequired\":true,\"valueName\":\"search_term_string\"}}],\"inLanguage\":\"pt-BR\"},{\"@type\":\"Person\",\"@id\":\"https:\\\/\\\/osantarritense.com.br\\\/portal\\\/#\\\/schema\\\/person\\\/9b9fde336895de7c71b563d5d706f1b9\",\"name\":\"Bruno Lozano\",\"image\":{\"@type\":\"ImageObject\",\"inLanguage\":\"pt-BR\",\"@id\":\"https:\\\/\\\/secure.gravatar.com\\\/avatar\\\/2c6f096c44fb2db3fc1f20a7e5cf9022d6c1bdecf787631be2e85710ff60ff6f?s=96&d=mm&r=g\",\"url\":\"https:\\\/\\\/secure.gravatar.com\\\/avatar\\\/2c6f096c44fb2db3fc1f20a7e5cf9022d6c1bdecf787631be2e85710ff60ff6f?s=96&d=mm&r=g\",\"contentUrl\":\"https:\\\/\\\/secure.gravatar.com\\\/avatar\\\/2c6f096c44fb2db3fc1f20a7e5cf9022d6c1bdecf787631be2e85710ff60ff6f?s=96&d=mm&r=g\",\"caption\":\"Bruno Lozano\"},\"url\":\"https:\\\/\\\/osantarritense.com.br\\\/portal\\\/author\\\/bruno-lozano\\\/\"}]}<\/script>\n<!-- \/ Yoast SEO plugin. -->","yoast_head_json":{"title":"Quermesse de Santa Cruz da Estrela acontece em Setembro","description":"A tradicional Quermesse de Santa Cruz da Estrela acontece em setembro, com shows, leil\u00e3o de prendas e missa campal.","robots":{"index":"index","follow":"follow","max-snippet":"max-snippet:-1","max-image-preview":"max-image-preview:large","max-video-preview":"max-video-preview:-1"},"canonical":"https:\/\/osantarritense.com.br\/portal\/eventos\/quermesse-santa-cruz-da-estrela-setembro-2026\/","og_locale":"pt_BR","og_type":"article","og_title":"Quermesse de Santa Cruz da Estrela acontece em Setembro","og_description":"A tradicional Quermesse de Santa Cruz da Estrela acontece em setembro, com shows, leil\u00e3o de prendas e missa campal.","og_url":"https:\/\/osantarritense.com.br\/portal\/eventos\/quermesse-santa-cruz-da-estrela-setembro-2026\/","og_site_name":"Jornal O Santarritense","article_published_time":"2026-09-01T12:11:30+00:00","og_image":[{"width":1000,"height":714,"url":"https:\/\/osantarritense.com.br\/portal\/wp-content\/uploads\/2026\/09\/quermesses-em-sp-blog-thumb.jpg","type":"image\/jpeg"}],"author":"Bruno Lozano","twitter_card":"summary_large_image","twitter_misc":{"Escrito por":"Bruno Lozano","Est. tempo de leitura":"3 minutos"},"schema":{"@context":"https:\/\/schema.org","@graph":[{"@type":"Article","@id":"https:\/\/osantarritense.com.br\/portal\/eventos\/quermesse-santa-cruz-da-estrela-setembro-2026\/#article","isPartOf":{"@id":"https:\/\/osantarritense.com.br\/portal\/eventos\/quermesse-santa-cruz-da-estrela-setembro-2026\/"},"author":{"name":"Bruno Lozano","@id":"https:\/\/osantarritense.com.br\/portal\/#\/schema\/person\/9b9fde336895de7c71b563d5d706f1b9"},"headline":"Tradicional Quermesse de Santa Cruz da Estrela acontece em setembro","datePublished":"2026-09-01T12:11:30+00:00","mainEntityOfPage":{"@id":"https:\/\/osantarritense.com.br\/portal\/eventos\/quermesse-santa-cruz-da-estrela-setembro-2026\/"},"wordCount":410,"image":{"@id":"https:\/\/osantarritense.com.br\/portal\/eventos\/quermesse-santa-cruz-da-estrela-setembro-2026\/#primaryimage"},"thumbnailUrl":"https:\/\/osantarritense.com.br\/portal\/wp-content\/uploads\/2026\/09\/quermesses-em-sp-blog-thumb.jpg","keywords":["Cultura","Eventos","Nossa Senhora das Dores","Quermesse","Religi\u00e3o","Santa Cruz da Estrela","Santa Rita do Passa Quatro"],"articleSection":["Cidade","Destaque","Eventos","Regi\u00e3o"],"inLanguage":"pt-BR"},{"@type":"WebPage","@id":"https:\/\/osantarritense.com.br\/portal\/eventos\/quermesse-santa-cruz-da-estrela-setembro-2026\/","url":"https:\/\/osantarritense.com.br\/portal\/eventos\/quermesse-santa-cruz-da-estrela-setembro-2026\/","name":"Quermesse de Santa Cruz da Estrela acontece em Setembro","isPartOf":{"@id":"https:\/\/osantarritense.com.br\/portal\/#website"},"primaryImageOfPage":{"@id":"https:\/\/osantarritense.com.br\/portal\/eventos\/quermesse-santa-cruz-da-estrela-setembro-2026\/#primaryimage"},"image":{"@id":"https:\/\/osantarritense.com.br\/portal\/eventos\/quermesse-santa-cruz-da-estrela-setembro-2026\/#primaryimage"},"thumbnailUrl":"https:\/\/osantarritense.com.br\/portal\/wp-content\/uploads\/2026\/09\/quermesses-em-sp-blog-thumb.jpg","datePublished":"2026-09-01T12:11:30+00:00","author":{"@id":"https:\/\/osantarritense.com.br\/portal\/#\/schema\/person\/9b9fde336895de7c71b563d5d706f1b9"},"description":"A tradicional Quermesse de Santa Cruz da Estrela acontece em setembro, com shows, leil\u00e3o de prendas e missa campal.","breadcrumb":{"@id":"https:\/\/osantarritense.com.br\/portal\/eventos\/quermesse-santa-cruz-da-estrela-setembro-2026\/#breadcrumb"},"inLanguage":"pt-BR","potentialAction":[{"@type":"ReadAction","target":["https:\/\/osantarritense.com.br\/portal\/eventos\/quermesse-santa-cruz-da-estrela-setembro-2026\/"]}]},{"@type":"ImageObject","inLanguage":"pt-BR","@id":"https:\/\/osantarritense.com.br\/portal\/eventos\/quermesse-santa-cruz-da-estrela-setembro-2026\/#primaryimage","url":"https:\/\/osantarritense.com.br\/portal\/wp-content\/uploads\/2026\/09\/quermesses-em-sp-blog-thumb.jpg","contentUrl":"https:\/\/osantarritense.com.br\/portal\/wp-content\/uploads\/2026\/09\/quermesses-em-sp-blog-thumb.jpg","width":1000,"height":714,"caption":"quermesse tradicional"},{"@type":"BreadcrumbList","@id":"https:\/\/osantarritense.com.br\/portal\/eventos\/quermesse-santa-cruz-da-estrela-setembro-2026\/#breadcrumb","itemListElement":[{"@type":"ListItem","position":1,"name":"In\u00edcio","item":"https:\/\/osantarritense.com.br\/portal\/"},{"@type":"ListItem","position":2,"name":"Tradicional Quermesse de Santa Cruz da Estrela acontece em setembro"}]},{"@type":"WebSite","@id":"https:\/\/osantarritense.com.br\/portal\/#website","url":"https:\/\/osantarritense.com.br\/portal\/","name":"Jornal O Santarritense","description":"Digital","potentialAction":[{"@type":"SearchAction","target":{"@type":"EntryPoint","urlTemplate":"https:\/\/osantarritense.com.br\/portal\/?s={search_term_string}"},"query-input":{"@type":"PropertyValueSpecification","valueRequired":true,"valueName":"search_term_string"}}],"inLanguage":"pt-BR"},{"@type":"Person","@id":"https:\/\/osantarritense.com.br\/portal\/#\/schema\/person\/9b9fde336895de7c71b563d5d706f1b9","name":"Bruno Lozano","image":{"@type":"ImageObject","inLanguage":"pt-BR","@id":"https:\/\/secure.gravatar.com\/avatar\/2c6f096c44fb2db3fc1f20a7e5cf9022d6c1bdecf787631be2e85710ff60ff6f?s=96&d=mm&r=g","url":"https:\/\/secure.gravatar.com\/avatar\/2c6f096c44fb2db3fc1f20a7e5cf9022d6c1bdecf787631be2e85710ff60ff6f?s=96&d=mm&r=g","contentUrl":"https:\/\/secure.gravatar.com\/avatar\/2c6f096c44fb2db3fc1f20a7e5cf9022d6c1bdecf787631be2e85710ff60ff6f?s=96&d=mm&r=g","caption":"Bruno Lozano"},"url":"https:\/\/osantarritense.com.br\/portal\/author\/bruno-lozano\/"}]}},"_links":{"self":[{"href":"https:\/\/osantarritense.com.br\/portal\/wp-json\/wp\/v2\/posts\/44024","targetHints":{"allow":["GET"]}}],"collection":[{"href":"https:\/\/osantarritense.com.br\/portal\/wp-json\/wp\/v2\/posts"}],"about":[{"href":"https:\/\/osantarritense.com.br\/portal\/wp-json\/wp\/v2\/types\/post"}],"author":[{"embeddable":true,"href":"https:\/\/osantarritense.com.br\/portal\/wp-json\/wp\/v2\/users\/5"}],"replies":[{"embeddable":true,"href":"https:\/\/osantarritense.com.br\/portal\/wp-json\/wp\/v2\/comments?post=44024"}],"version-history":[{"count":1,"href":"https:\/\/osantarritense.com.br\/portal\/wp-json\/wp\/v2\/posts\/44024\/revisions"}],"predecessor-version":[{"id":44027,"href":"https:\/\/osantarritense.com.br\/portal\/wp-json\/wp\/v2\/posts\/44024\/revisions\/44027"}],"wp:featuredmedia":[{"embeddable":true,"href":"https:\/\/osantarritense.com.br\/portal\/wp-json\/wp\/v2\/media\/44025"}],"wp:attachment":[{"href":"https:\/\/osantarritense.com.br\/portal\/wp-json\/wp\/v2\/media?parent=44024"}],"wp:term":[{"taxonomy":"category","embeddable":true,"href":"https:\/\/osantarritense.com.br\/portal\/wp-json\/wp\/v2\/categories?post=44024"},{"taxonomy":"post_tag","embeddable":true,"href":"https:\/\/osantarritense.com.br\/portal\/wp-json\/wp\/v2\/tags?post=44024"}],"curies":[{"name":"wp","href":"https:\/\/api.w.org\/{rel}","templated":true}]}}