{"id":44020,"date":"2026-08-31T14:38:19","date_gmt":"2026-08-31T17:38:19","guid":{"rendered":"https:\/\/osantarritense.com.br\/portal\/?p=44020"},"modified":"2026-08-31T14:38:19","modified_gmt":"2026-08-31T17:38:19","slug":"torneio-de-pesca-gratuito-sera-realizado-no-jardim-do-lago-em-santa-rita-do-passa-quatro","status":"publish","type":"post","link":"https:\/\/osantarritense.com.br\/portal\/destaque\/torneio-de-pesca-gratuito-sera-realizado-no-jardim-do-lago-em-santa-rita-do-passa-quatro\/","title":{"rendered":"Torneio de pesca gratuito ser\u00e1 realizado no Jardim do Lago em Santa Rita do Passa Quatro"},"content":{"rendered":"<div id=\"osant-1865053784\" class=\"osant-antes-do-conteudo osant-entity-placement\"><a href=\"https:\/\/grmariano.com.br\/\" aria-label=\"usuario\"><img src=\"https:\/\/osantarritense.com.br\/portal\/wp-content\/uploads\/2026\/04\/usuario-scaled.png\" alt=\"\"  srcset=\"https:\/\/osantarritense.com.br\/portal\/wp-content\/uploads\/2026\/04\/usuario-scaled.png 2560w, https:\/\/osantarritense.com.br\/portal\/wp-content\/uploads\/2026\/04\/usuario-300x43.png 300w, https:\/\/osantarritense.com.br\/portal\/wp-content\/uploads\/2026\/04\/usuario-1024x146.png 1024w, https:\/\/osantarritense.com.br\/portal\/wp-content\/uploads\/2026\/04\/usuario-768x110.png 768w, https:\/\/osantarritense.com.br\/portal\/wp-content\/uploads\/2026\/04\/usuario-1536x219.png 1536w, https:\/\/osantarritense.com.br\/portal\/wp-content\/uploads\/2026\/04\/usuario-2048x293.png 2048w, https:\/\/osantarritense.com.br\/portal\/wp-content\/uploads\/2026\/04\/usuario-150x21.png 150w, https:\/\/osantarritense.com.br\/portal\/wp-content\/uploads\/2026\/04\/usuario-450x64.png 450w, https:\/\/osantarritense.com.br\/portal\/wp-content\/uploads\/2026\/04\/usuario-1200x171.png 1200w\" sizes=\"(max-width: 2560px) 100vw, 2560px\" width=\"2560\" height=\"366\"   \/><\/a><\/div><p class=\"isSelectedEnd\"><span style=\"font-family: tahoma, arial, helvetica, sans-serif; font-size: 12pt;\">O <strong>Jardim do Lago \u201cJardim Ludovico Zorzi Sobrinho\u201d, em Santa Rita do Passa Quatro (SP), ser\u00e1 palco de um torneio de pesca recreativa no dia 7 de setembro<\/strong>. A atividade ser\u00e1 gratuita e aberta \u00e0 comunidade, reunindo pescadores de diferentes idades em uma manh\u00e3 de lazer, confraterniza\u00e7\u00e3o e contato com a natureza.<\/span><\/p>\n<p class=\"isSelectedEnd\"><span style=\"font-family: tahoma, arial, helvetica, sans-serif; font-size: 12pt;\">O torneio ser\u00e1 realizado <strong>das 8h \u00e0s 11h<\/strong>, e as inscri\u00e7\u00f5es poder\u00e3o ser feitas <strong>gratuitamente no pr\u00f3prio local<\/strong>. As vagas s\u00e3o limitadas e ser\u00e3o preenchidas <strong>por ordem de chegada<\/strong>.<\/span><\/p>\n<p class=\"isSelectedEnd\"><span style=\"font-family: tahoma, arial, helvetica, sans-serif; font-size: 12pt;\">A competi\u00e7\u00e3o ter\u00e1 como proposta incentivar a divers\u00e3o entre familiares e amigos, al\u00e9m de valorizar o Jardim do Lago como espa\u00e7o de conviv\u00eancia e lazer no munic\u00edpio.<\/span><\/p>\n<h2><span style=\"font-family: tahoma, arial, helvetica, sans-serif;\">\ud83c\udfa3 Pesque e solte<\/span><\/h2>\n<p class=\"isSelectedEnd\"><span style=\"font-family: tahoma, arial, helvetica, sans-serif; font-size: 12pt;\">A modalidade adotada ser\u00e1 a de <strong>pesca recreativa no sistema \u201cpesque e solte\u201d<\/strong>. Os peixes capturados ser\u00e3o avaliados de acordo com as categorias da competi\u00e7\u00e3o e, posteriormente, <strong>devolvidos \u00e0 \u00e1gua<\/strong>.<\/span><\/p>\n<p class=\"isSelectedEnd\"><span style=\"font-family: tahoma, arial, helvetica, sans-serif; font-size: 12pt;\">Cada participante poder\u00e1 utilizar <strong>at\u00e9 duas varas de m\u00e3o, com anzol simples<\/strong>. A linha dever\u00e1 ter, no m\u00e1ximo, o comprimento da pr\u00f3pria vara.<\/span><\/p>\n<p class=\"isSelectedEnd\"><span style=\"font-family: tahoma, arial, helvetica, sans-serif; font-size: 12pt;\">Tamb\u00e9m ser\u00e1 permitido o uso de <strong>ceva<\/strong> durante a pescaria.<\/span><\/p>\n<p class=\"isSelectedEnd\"><span style=\"font-family: tahoma, arial, helvetica, sans-serif; font-size: 12pt;\">Por outro lado, algumas modalidades e equipamentos estar\u00e3o proibidos. <strong>N\u00e3o ser\u00e1 permitido utilizar linhada, carretilha ou molinete.<\/strong><\/span><\/p>\n<h2><span style=\"font-family: tahoma, arial, helvetica, sans-serif;\">\ud83d\udccd Boxes ser\u00e3o distribu\u00eddos por ordem de chegada<\/span><\/h2>\n<p class=\"isSelectedEnd\"><span style=\"font-family: tahoma, arial, helvetica, sans-serif; font-size: 12pt;\">Cada participante ter\u00e1 direito a <strong>um box de pesca<\/strong>, que ser\u00e1 escolhido conforme a ordem de chegada ao evento.<\/span><\/p>\n<p class=\"isSelectedEnd\"><span style=\"font-family: tahoma, arial, helvetica, sans-serif; font-size: 12pt;\">A pescaria dever\u00e1 ocorrer <strong>exclusivamente dentro dos limites do box destinado a cada participante<\/strong>, para evitar interfer\u00eancias entre os pescadores.<\/span><\/p>\n<p class=\"isSelectedEnd\"><span style=\"font-family: tahoma, arial, helvetica, sans-serif; font-size: 12pt;\">Tamb\u00e9m ser\u00e1 proibido <strong>ocupar ou utilizar o espa\u00e7o destinado a outro participante<\/strong>, assim como lan\u00e7ar deliberadamente linha, isca ou anzol no box de outro pescador.<\/span><\/p>\n<p class=\"isSelectedEnd\"><span style=\"font-family: tahoma, arial, helvetica, sans-serif;\"><span style=\"font-size: 12pt;\">Em situa\u00e7\u00f5es n\u00e3o previstas no regulamento ou em caso de d\u00favidas, <strong>a decis\u00e3o final ficar\u00e1 a cargo da organiza\u00e7\u00e3o<\/strong><\/span>.<\/span><\/p>\n<p style=\"text-align: center;\"><strong>Continua ap\u00f3s o v\u00eddeo<\/strong><\/p>\n<p><video autoplay=\"autoplay\" loop=\"loop\" controls=\"controls\" width=\"100%\" height=\"150\"><source src=\"https:\/\/osantarritense.com.br\/portal\/wp-content\/uploads\/2026\/08\/porto-frios-site.mp4\" type=\"video\/mp4\" \/><\/video><\/p>\n<h2><span style=\"font-family: tahoma, arial, helvetica, sans-serif;\">\ud83c\udfc6 Confira as categorias de premia\u00e7\u00e3o<\/span><\/h2>\n<p class=\"isSelectedEnd\"><span style=\"font-family: tahoma, arial, helvetica, sans-serif; font-size: 12pt;\">O torneio ter\u00e1 premia\u00e7\u00e3o em diferentes categorias:<\/span><\/p>\n<ul data-spread=\"false\">\n<li><span style=\"font-family: tahoma, arial, helvetica, sans-serif; font-size: 12pt;\">\ud83d\udc1f <strong>Maior peixe<\/strong><\/span><\/li>\n<li><span style=\"font-family: tahoma, arial, helvetica, sans-serif; font-size: 12pt;\">\ud83d\udc20 <strong>Menor peixe<\/strong><\/span><\/li>\n<li><span style=\"font-family: tahoma, arial, helvetica, sans-serif; font-size: 12pt;\">\u2696\ufe0f <strong>Peixe mais pesado<\/strong><\/span><\/li>\n<li><span style=\"font-family: tahoma, arial, helvetica, sans-serif; font-size: 12pt;\">\ud83d\udc66 <strong>Pescador mais novo<\/strong><\/span><\/li>\n<li><span style=\"font-family: tahoma, arial, helvetica, sans-serif; font-size: 12pt;\">\ud83d\udc74 <strong>Pescador mais velho<\/strong><\/span><\/li>\n<\/ul>\n<p class=\"isSelectedEnd\"><span style=\"font-family: tahoma, arial, helvetica, sans-serif; font-size: 12pt;\">Al\u00e9m da disputa, o evento busca promover <strong>uma manh\u00e3 de conviv\u00eancia entre fam\u00edlias e amigos<\/strong>, incentivando a pesca respons\u00e1vel e o respeito ao meio ambiente.<\/span><\/p>\n<h2><span style=\"font-family: tahoma, arial, helvetica, sans-serif;\">\ud83d\udcc5 Servi\u00e7o<\/span><\/h2>\n<p class=\"isSelectedEnd\"><span style=\"font-family: tahoma, arial, helvetica, sans-serif; font-size: 12pt;\"><strong>\ud83c\udfa3 Torneio de Pesca do Jardim do Lago<\/strong><\/span><\/p>\n<p class=\"isSelectedEnd\"><span style=\"font-family: tahoma, arial, helvetica, sans-serif; font-size: 12pt;\">\ud83d\udcc5 <strong>Data:<\/strong> 7 de setembro<\/span><br \/>\n<span style=\"font-family: tahoma, arial, helvetica, sans-serif; font-size: 12pt;\">\ud83d\udccd <strong>Local:<\/strong> Jardim do Lago \u201cJardim Ludovico Zorzi Sobrinho\u201d<\/span><br \/>\n<span style=\"font-family: tahoma, arial, helvetica, sans-serif; font-size: 12pt;\">\u23f0 <strong>Hor\u00e1rio:<\/strong> das 8h \u00e0s 11h<\/span><br \/>\n<span style=\"font-family: tahoma, arial, helvetica, sans-serif; font-size: 12pt;\">\ud83c\udf9f\ufe0f <strong>Inscri\u00e7\u00f5es:<\/strong> gratuitas, no local<\/span><br \/>\n<span style=\"font-family: tahoma, arial, helvetica, sans-serif; font-size: 12pt;\">\ud83c\udfa3 <strong>Modalidade:<\/strong> pesca recreativa \u2014 pesque e solte<\/span><br \/>\n<span style=\"font-family: tahoma, arial, helvetica, sans-serif; font-size: 12pt;\">\u26a0\ufe0f <strong>Vagas:<\/strong> limitadas e preenchidas por ordem de chegada<\/span><\/p>\n<p class=\"isSelectedEnd\"><span style=\"font-family: tahoma, arial, helvetica, sans-serif; font-size: 12pt;\">A organiza\u00e7\u00e3o orienta os participantes a <strong>prepararem suas varas e equipamentos e chegarem cedo<\/strong>, j\u00e1 que as inscri\u00e7\u00f5es ser\u00e3o encerradas assim que todos os boxes dispon\u00edveis forem ocupados.<\/span><\/p>\n<p><span style=\"font-family: tahoma, arial, helvetica, sans-serif; font-size: 12pt;\"><strong>A iniciativa promete reunir pescadores de v\u00e1rias idades em uma manh\u00e3 de divers\u00e3o, competi\u00e7\u00e3o saud\u00e1vel e valoriza\u00e7\u00e3o de um dos espa\u00e7os de lazer de Santa Rita do Passa Quatro.<\/strong><\/span><\/p>\n<p><span style=\"font-family: tahoma, arial, helvetica, sans-serif;\"><span dir=\"auto\" style=\"vertical-align: inherit;\">\u270d\ufe0f <\/span><em data-start=\"1160\" data-end=\"1198\" data-is-last-node=\"\"><span dir=\"auto\" style=\"vertical-align: inherit;\">Reportagem: <\/span><a href=\"https:\/\/www.facebook.com\/jornalistatonioliveiraon\/\"><strong><span dir=\"auto\" style=\"vertical-align: inherit;\">Jornalista Toni Oliveira<\/span><\/strong><\/a><\/em><\/span><\/p>\n","protected":false},"excerpt":{"rendered":"<p>O Jardim do Lago \u201cJardim Ludovico Zorzi Sobrinho\u201d, em Santa Rita do Passa Quatro (SP), ser\u00e1 palco de um torneio de pesca recreativa no dia 7 de setembro. A atividade ser\u00e1 gratuita e aberta \u00e0 comunidade, reunindo pescadores de diferentes idades em uma manh\u00e3 de lazer, confraterniza\u00e7\u00e3o e contato com a natureza. O torneio ser\u00e1<\/p>\n","protected":false},"author":3,"featured_media":44021,"comment_status":"closed","ping_status":"closed","sticky":false,"template":"","format":"standard","meta":{"footnotes":""},"categories":[3,1],"tags":[],"class_list":["post-44020","post","type-post","status-publish","format-standard","has-post-thumbnail","category-cidade","category-destaque"],"yoast_head":"<!-- This site is optimized with the Yoast SEO plugin v27.3 - https:\/\/yoast.com\/product\/yoast-seo-wordpress\/ -->\n<title>Torneio de pesca gratuito ser\u00e1 realizado no Jardim do Lago em Santa Rita do Passa Quatro - Jornal O Santarritense<\/title>\n<meta name=\"robots\" content=\"index, follow, max-snippet:-1, max-image-preview:large, max-video-preview:-1\" \/>\n<link rel=\"canonical\" href=\"https:\/\/osantarritense.com.br\/portal\/destaque\/torneio-de-pesca-gratuito-sera-realizado-no-jardim-do-lago-em-santa-rita-do-passa-quatro\/\" \/>\n<meta property=\"og:locale\" content=\"pt_BR\" \/>\n<meta property=\"og:type\" content=\"article\" \/>\n<meta property=\"og:title\" content=\"Torneio de pesca gratuito ser\u00e1 realizado no Jardim do Lago em Santa Rita do Passa Quatro - Jornal O Santarritense\" \/>\n<meta property=\"og:description\" content=\"O Jardim do Lago \u201cJardim Ludovico Zorzi Sobrinho\u201d, em Santa Rita do Passa Quatro (SP), ser\u00e1 palco de um torneio de pesca recreativa no dia 7 de setembro. A atividade ser\u00e1 gratuita e aberta \u00e0 comunidade, reunindo pescadores de diferentes idades em uma manh\u00e3 de lazer, confraterniza\u00e7\u00e3o e contato com a natureza. O torneio ser\u00e1\" \/>\n<meta property=\"og:url\" content=\"https:\/\/osantarritense.com.br\/portal\/destaque\/torneio-de-pesca-gratuito-sera-realizado-no-jardim-do-lago-em-santa-rita-do-passa-quatro\/\" \/>\n<meta property=\"og:site_name\" content=\"Jornal O Santarritense\" \/>\n<meta property=\"article:published_time\" content=\"2026-08-31T17:38:19+00:00\" \/>\n<meta property=\"og:image\" content=\"https:\/\/osantarritense.com.br\/portal\/wp-content\/uploads\/2026\/08\/jardim_do_lago_aerea2.jpg\" \/>\n\t<meta property=\"og:image:width\" content=\"2400\" \/>\n\t<meta property=\"og:image:height\" content=\"1350\" \/>\n\t<meta property=\"og:image:type\" content=\"image\/jpeg\" \/>\n<meta name=\"author\" content=\"Reda\u00e7\u00e3o\" \/>\n<meta name=\"twitter:card\" content=\"summary_large_image\" \/>\n<meta name=\"twitter:label1\" content=\"Escrito por\" \/>\n\t<meta name=\"twitter:data1\" content=\"Reda\u00e7\u00e3o\" \/>\n\t<meta name=\"twitter:label2\" content=\"Est. tempo de leitura\" \/>\n\t<meta name=\"twitter:data2\" content=\"3 minutos\" \/>\n<script type=\"application\/ld+json\" class=\"yoast-schema-graph\">{\"@context\":\"https:\\\/\\\/schema.org\",\"@graph\":[{\"@type\":\"Article\",\"@id\":\"https:\\\/\\\/osantarritense.com.br\\\/portal\\\/destaque\\\/torneio-de-pesca-gratuito-sera-realizado-no-jardim-do-lago-em-santa-rita-do-passa-quatro\\\/#article\",\"isPartOf\":{\"@id\":\"https:\\\/\\\/osantarritense.com.br\\\/portal\\\/destaque\\\/torneio-de-pesca-gratuito-sera-realizado-no-jardim-do-lago-em-santa-rita-do-passa-quatro\\\/\"},\"author\":{\"name\":\"Reda\u00e7\u00e3o\",\"@id\":\"https:\\\/\\\/osantarritense.com.br\\\/portal\\\/#\\\/schema\\\/person\\\/a428b31ded29a15a9060051c31808586\"},\"headline\":\"Torneio de pesca gratuito ser\u00e1 realizado no Jardim do Lago em Santa Rita do Passa Quatro\",\"datePublished\":\"2026-08-31T17:38:19+00:00\",\"mainEntityOfPage\":{\"@id\":\"https:\\\/\\\/osantarritense.com.br\\\/portal\\\/destaque\\\/torneio-de-pesca-gratuito-sera-realizado-no-jardim-do-lago-em-santa-rita-do-passa-quatro\\\/\"},\"wordCount\":503,\"image\":{\"@id\":\"https:\\\/\\\/osantarritense.com.br\\\/portal\\\/destaque\\\/torneio-de-pesca-gratuito-sera-realizado-no-jardim-do-lago-em-santa-rita-do-passa-quatro\\\/#primaryimage\"},\"thumbnailUrl\":\"https:\\\/\\\/osantarritense.com.br\\\/portal\\\/wp-content\\\/uploads\\\/2026\\\/08\\\/jardim_do_lago_aerea2.jpg\",\"articleSection\":[\"Cidade\",\"Destaque\"],\"inLanguage\":\"pt-BR\"},{\"@type\":\"WebPage\",\"@id\":\"https:\\\/\\\/osantarritense.com.br\\\/portal\\\/destaque\\\/torneio-de-pesca-gratuito-sera-realizado-no-jardim-do-lago-em-santa-rita-do-passa-quatro\\\/\",\"url\":\"https:\\\/\\\/osantarritense.com.br\\\/portal\\\/destaque\\\/torneio-de-pesca-gratuito-sera-realizado-no-jardim-do-lago-em-santa-rita-do-passa-quatro\\\/\",\"name\":\"Torneio de pesca gratuito ser\u00e1 realizado no Jardim do Lago em Santa Rita do Passa Quatro - Jornal O Santarritense\",\"isPartOf\":{\"@id\":\"https:\\\/\\\/osantarritense.com.br\\\/portal\\\/#website\"},\"primaryImageOfPage\":{\"@id\":\"https:\\\/\\\/osantarritense.com.br\\\/portal\\\/destaque\\\/torneio-de-pesca-gratuito-sera-realizado-no-jardim-do-lago-em-santa-rita-do-passa-quatro\\\/#primaryimage\"},\"image\":{\"@id\":\"https:\\\/\\\/osantarritense.com.br\\\/portal\\\/destaque\\\/torneio-de-pesca-gratuito-sera-realizado-no-jardim-do-lago-em-santa-rita-do-passa-quatro\\\/#primaryimage\"},\"thumbnailUrl\":\"https:\\\/\\\/osantarritense.com.br\\\/portal\\\/wp-content\\\/uploads\\\/2026\\\/08\\\/jardim_do_lago_aerea2.jpg\",\"datePublished\":\"2026-08-31T17:38:19+00:00\",\"author\":{\"@id\":\"https:\\\/\\\/osantarritense.com.br\\\/portal\\\/#\\\/schema\\\/person\\\/a428b31ded29a15a9060051c31808586\"},\"breadcrumb\":{\"@id\":\"https:\\\/\\\/osantarritense.com.br\\\/portal\\\/destaque\\\/torneio-de-pesca-gratuito-sera-realizado-no-jardim-do-lago-em-santa-rita-do-passa-quatro\\\/#breadcrumb\"},\"inLanguage\":\"pt-BR\",\"potentialAction\":[{\"@type\":\"ReadAction\",\"target\":[\"https:\\\/\\\/osantarritense.com.br\\\/portal\\\/destaque\\\/torneio-de-pesca-gratuito-sera-realizado-no-jardim-do-lago-em-santa-rita-do-passa-quatro\\\/\"]}]},{\"@type\":\"ImageObject\",\"inLanguage\":\"pt-BR\",\"@id\":\"https:\\\/\\\/osantarritense.com.br\\\/portal\\\/destaque\\\/torneio-de-pesca-gratuito-sera-realizado-no-jardim-do-lago-em-santa-rita-do-passa-quatro\\\/#primaryimage\",\"url\":\"https:\\\/\\\/osantarritense.com.br\\\/portal\\\/wp-content\\\/uploads\\\/2026\\\/08\\\/jardim_do_lago_aerea2.jpg\",\"contentUrl\":\"https:\\\/\\\/osantarritense.com.br\\\/portal\\\/wp-content\\\/uploads\\\/2026\\\/08\\\/jardim_do_lago_aerea2.jpg\",\"width\":2400,\"height\":1350,\"caption\":\"default\"},{\"@type\":\"BreadcrumbList\",\"@id\":\"https:\\\/\\\/osantarritense.com.br\\\/portal\\\/destaque\\\/torneio-de-pesca-gratuito-sera-realizado-no-jardim-do-lago-em-santa-rita-do-passa-quatro\\\/#breadcrumb\",\"itemListElement\":[{\"@type\":\"ListItem\",\"position\":1,\"name\":\"In\u00edcio\",\"item\":\"https:\\\/\\\/osantarritense.com.br\\\/portal\\\/\"},{\"@type\":\"ListItem\",\"position\":2,\"name\":\"Torneio de pesca gratuito ser\u00e1 realizado no Jardim do Lago em Santa Rita do Passa Quatro\"}]},{\"@type\":\"WebSite\",\"@id\":\"https:\\\/\\\/osantarritense.com.br\\\/portal\\\/#website\",\"url\":\"https:\\\/\\\/osantarritense.com.br\\\/portal\\\/\",\"name\":\"Jornal O Santarritense\",\"description\":\"Digital\",\"potentialAction\":[{\"@type\":\"SearchAction\",\"target\":{\"@type\":\"EntryPoint\",\"urlTemplate\":\"https:\\\/\\\/osantarritense.com.br\\\/portal\\\/?s={search_term_string}\"},\"query-input\":{\"@type\":\"PropertyValueSpecification\",\"valueRequired\":true,\"valueName\":\"search_term_string\"}}],\"inLanguage\":\"pt-BR\"},{\"@type\":\"Person\",\"@id\":\"https:\\\/\\\/osantarritense.com.br\\\/portal\\\/#\\\/schema\\\/person\\\/a428b31ded29a15a9060051c31808586\",\"name\":\"Reda\u00e7\u00e3o\",\"image\":{\"@type\":\"ImageObject\",\"inLanguage\":\"pt-BR\",\"@id\":\"https:\\\/\\\/secure.gravatar.com\\\/avatar\\\/549ab8e14173ace5e8b1c3bd80cf838bc0d00b7e1b65a361093164d85a62d45b?s=96&d=mm&r=g\",\"url\":\"https:\\\/\\\/secure.gravatar.com\\\/avatar\\\/549ab8e14173ace5e8b1c3bd80cf838bc0d00b7e1b65a361093164d85a62d45b?s=96&d=mm&r=g\",\"contentUrl\":\"https:\\\/\\\/secure.gravatar.com\\\/avatar\\\/549ab8e14173ace5e8b1c3bd80cf838bc0d00b7e1b65a361093164d85a62d45b?s=96&d=mm&r=g\",\"caption\":\"Reda\u00e7\u00e3o\"},\"url\":\"https:\\\/\\\/osantarritense.com.br\\\/portal\\\/author\\\/admin\\\/\"}]}<\/script>\n<!-- \/ Yoast SEO plugin. -->","yoast_head_json":{"title":"Torneio de pesca gratuito ser\u00e1 realizado no Jardim do Lago em Santa Rita do Passa Quatro - Jornal O Santarritense","robots":{"index":"index","follow":"follow","max-snippet":"max-snippet:-1","max-image-preview":"max-image-preview:large","max-video-preview":"max-video-preview:-1"},"canonical":"https:\/\/osantarritense.com.br\/portal\/destaque\/torneio-de-pesca-gratuito-sera-realizado-no-jardim-do-lago-em-santa-rita-do-passa-quatro\/","og_locale":"pt_BR","og_type":"article","og_title":"Torneio de pesca gratuito ser\u00e1 realizado no Jardim do Lago em Santa Rita do Passa Quatro - Jornal O Santarritense","og_description":"O Jardim do Lago \u201cJardim Ludovico Zorzi Sobrinho\u201d, em Santa Rita do Passa Quatro (SP), ser\u00e1 palco de um torneio de pesca recreativa no dia 7 de setembro. A atividade ser\u00e1 gratuita e aberta \u00e0 comunidade, reunindo pescadores de diferentes idades em uma manh\u00e3 de lazer, confraterniza\u00e7\u00e3o e contato com a natureza. O torneio ser\u00e1","og_url":"https:\/\/osantarritense.com.br\/portal\/destaque\/torneio-de-pesca-gratuito-sera-realizado-no-jardim-do-lago-em-santa-rita-do-passa-quatro\/","og_site_name":"Jornal O Santarritense","article_published_time":"2026-08-31T17:38:19+00:00","og_image":[{"width":2400,"height":1350,"url":"https:\/\/osantarritense.com.br\/portal\/wp-content\/uploads\/2026\/08\/jardim_do_lago_aerea2.jpg","type":"image\/jpeg"}],"author":"Reda\u00e7\u00e3o","twitter_card":"summary_large_image","twitter_misc":{"Escrito por":"Reda\u00e7\u00e3o","Est. tempo de leitura":"3 minutos"},"schema":{"@context":"https:\/\/schema.org","@graph":[{"@type":"Article","@id":"https:\/\/osantarritense.com.br\/portal\/destaque\/torneio-de-pesca-gratuito-sera-realizado-no-jardim-do-lago-em-santa-rita-do-passa-quatro\/#article","isPartOf":{"@id":"https:\/\/osantarritense.com.br\/portal\/destaque\/torneio-de-pesca-gratuito-sera-realizado-no-jardim-do-lago-em-santa-rita-do-passa-quatro\/"},"author":{"name":"Reda\u00e7\u00e3o","@id":"https:\/\/osantarritense.com.br\/portal\/#\/schema\/person\/a428b31ded29a15a9060051c31808586"},"headline":"Torneio de pesca gratuito ser\u00e1 realizado no Jardim do Lago em Santa Rita do Passa Quatro","datePublished":"2026-08-31T17:38:19+00:00","mainEntityOfPage":{"@id":"https:\/\/osantarritense.com.br\/portal\/destaque\/torneio-de-pesca-gratuito-sera-realizado-no-jardim-do-lago-em-santa-rita-do-passa-quatro\/"},"wordCount":503,"image":{"@id":"https:\/\/osantarritense.com.br\/portal\/destaque\/torneio-de-pesca-gratuito-sera-realizado-no-jardim-do-lago-em-santa-rita-do-passa-quatro\/#primaryimage"},"thumbnailUrl":"https:\/\/osantarritense.com.br\/portal\/wp-content\/uploads\/2026\/08\/jardim_do_lago_aerea2.jpg","articleSection":["Cidade","Destaque"],"inLanguage":"pt-BR"},{"@type":"WebPage","@id":"https:\/\/osantarritense.com.br\/portal\/destaque\/torneio-de-pesca-gratuito-sera-realizado-no-jardim-do-lago-em-santa-rita-do-passa-quatro\/","url":"https:\/\/osantarritense.com.br\/portal\/destaque\/torneio-de-pesca-gratuito-sera-realizado-no-jardim-do-lago-em-santa-rita-do-passa-quatro\/","name":"Torneio de pesca gratuito ser\u00e1 realizado no Jardim do Lago em Santa Rita do Passa Quatro - Jornal O Santarritense","isPartOf":{"@id":"https:\/\/osantarritense.com.br\/portal\/#website"},"primaryImageOfPage":{"@id":"https:\/\/osantarritense.com.br\/portal\/destaque\/torneio-de-pesca-gratuito-sera-realizado-no-jardim-do-lago-em-santa-rita-do-passa-quatro\/#primaryimage"},"image":{"@id":"https:\/\/osantarritense.com.br\/portal\/destaque\/torneio-de-pesca-gratuito-sera-realizado-no-jardim-do-lago-em-santa-rita-do-passa-quatro\/#primaryimage"},"thumbnailUrl":"https:\/\/osantarritense.com.br\/portal\/wp-content\/uploads\/2026\/08\/jardim_do_lago_aerea2.jpg","datePublished":"2026-08-31T17:38:19+00:00","author":{"@id":"https:\/\/osantarritense.com.br\/portal\/#\/schema\/person\/a428b31ded29a15a9060051c31808586"},"breadcrumb":{"@id":"https:\/\/osantarritense.com.br\/portal\/destaque\/torneio-de-pesca-gratuito-sera-realizado-no-jardim-do-lago-em-santa-rita-do-passa-quatro\/#breadcrumb"},"inLanguage":"pt-BR","potentialAction":[{"@type":"ReadAction","target":["https:\/\/osantarritense.com.br\/portal\/destaque\/torneio-de-pesca-gratuito-sera-realizado-no-jardim-do-lago-em-santa-rita-do-passa-quatro\/"]}]},{"@type":"ImageObject","inLanguage":"pt-BR","@id":"https:\/\/osantarritense.com.br\/portal\/destaque\/torneio-de-pesca-gratuito-sera-realizado-no-jardim-do-lago-em-santa-rita-do-passa-quatro\/#primaryimage","url":"https:\/\/osantarritense.com.br\/portal\/wp-content\/uploads\/2026\/08\/jardim_do_lago_aerea2.jpg","contentUrl":"https:\/\/osantarritense.com.br\/portal\/wp-content\/uploads\/2026\/08\/jardim_do_lago_aerea2.jpg","width":2400,"height":1350,"caption":"default"},{"@type":"BreadcrumbList","@id":"https:\/\/osantarritense.com.br\/portal\/destaque\/torneio-de-pesca-gratuito-sera-realizado-no-jardim-do-lago-em-santa-rita-do-passa-quatro\/#breadcrumb","itemListElement":[{"@type":"ListItem","position":1,"name":"In\u00edcio","item":"https:\/\/osantarritense.com.br\/portal\/"},{"@type":"ListItem","position":2,"name":"Torneio de pesca gratuito ser\u00e1 realizado no Jardim do Lago em Santa Rita do Passa Quatro"}]},{"@type":"WebSite","@id":"https:\/\/osantarritense.com.br\/portal\/#website","url":"https:\/\/osantarritense.com.br\/portal\/","name":"Jornal O Santarritense","description":"Digital","potentialAction":[{"@type":"SearchAction","target":{"@type":"EntryPoint","urlTemplate":"https:\/\/osantarritense.com.br\/portal\/?s={search_term_string}"},"query-input":{"@type":"PropertyValueSpecification","valueRequired":true,"valueName":"search_term_string"}}],"inLanguage":"pt-BR"},{"@type":"Person","@id":"https:\/\/osantarritense.com.br\/portal\/#\/schema\/person\/a428b31ded29a15a9060051c31808586","name":"Reda\u00e7\u00e3o","image":{"@type":"ImageObject","inLanguage":"pt-BR","@id":"https:\/\/secure.gravatar.com\/avatar\/549ab8e14173ace5e8b1c3bd80cf838bc0d00b7e1b65a361093164d85a62d45b?s=96&d=mm&r=g","url":"https:\/\/secure.gravatar.com\/avatar\/549ab8e14173ace5e8b1c3bd80cf838bc0d00b7e1b65a361093164d85a62d45b?s=96&d=mm&r=g","contentUrl":"https:\/\/secure.gravatar.com\/avatar\/549ab8e14173ace5e8b1c3bd80cf838bc0d00b7e1b65a361093164d85a62d45b?s=96&d=mm&r=g","caption":"Reda\u00e7\u00e3o"},"url":"https:\/\/osantarritense.com.br\/portal\/author\/admin\/"}]}},"_links":{"self":[{"href":"https:\/\/osantarritense.com.br\/portal\/wp-json\/wp\/v2\/posts\/44020","targetHints":{"allow":["GET"]}}],"collection":[{"href":"https:\/\/osantarritense.com.br\/portal\/wp-json\/wp\/v2\/posts"}],"about":[{"href":"https:\/\/osantarritense.com.br\/portal\/wp-json\/wp\/v2\/types\/post"}],"author":[{"embeddable":true,"href":"https:\/\/osantarritense.com.br\/portal\/wp-json\/wp\/v2\/users\/3"}],"replies":[{"embeddable":true,"href":"https:\/\/osantarritense.com.br\/portal\/wp-json\/wp\/v2\/comments?post=44020"}],"version-history":[{"count":2,"href":"https:\/\/osantarritense.com.br\/portal\/wp-json\/wp\/v2\/posts\/44020\/revisions"}],"predecessor-version":[{"id":44023,"href":"https:\/\/osantarritense.com.br\/portal\/wp-json\/wp\/v2\/posts\/44020\/revisions\/44023"}],"wp:featuredmedia":[{"embeddable":true,"href":"https:\/\/osantarritense.com.br\/portal\/wp-json\/wp\/v2\/media\/44021"}],"wp:attachment":[{"href":"https:\/\/osantarritense.com.br\/portal\/wp-json\/wp\/v2\/media?parent=44020"}],"wp:term":[{"taxonomy":"category","embeddable":true,"href":"https:\/\/osantarritense.com.br\/portal\/wp-json\/wp\/v2\/categories?post=44020"},{"taxonomy":"post_tag","embeddable":true,"href":"https:\/\/osantarritense.com.br\/portal\/wp-json\/wp\/v2\/tags?post=44020"}],"curies":[{"name":"wp","href":"https:\/\/api.w.org\/{rel}","templated":true}]}}